{"id":14209,"date":"2023-03-06T09:00:00","date_gmt":"2023-03-06T08:00:00","guid":{"rendered":"http:\/\/cms.mtsomnii.de\/w7\/kreisbote-gap\/internationaler-frauentag-veranstaltungen-zum-maerz-auch-im-landkreis-garmisch-partenkirchen-92118457-html-14209\/"},"modified":"2023-03-06T09:00:00","modified_gmt":"2023-03-06T08:00:00","slug":"internationaler-frauentag-veranstaltungen-zum-maerz-auch-im-landkreis-garmisch-partenkirchen-92118457-html","status":"publish","type":"post","link":"http:\/\/cms.mtsomnii.de\/w7\/kreisbote-gap\/internationaler-frauentag-veranstaltungen-zum-maerz-auch-im-landkreis-garmisch-partenkirchen-92118457-html-14209\/","title":{"rendered":"Internationaler Frauentag: Veranstaltungen zum 8. M\u00e4rz auch im Landkreis Garmisch-Partenkirchen"},"content":{"rendered":"<div>Region \u2013 Seit mehr als hundert Jahren setzt der Frauentag ein Zeichen f\u00fcr die Gleichberechtigung von Frauen und M\u00e4nnern. Stand anfangs das Wahlrecht f\u00fcr Frauen im Fokus, wurden im Laufe der Jahre immer mehr Themen aktuell.<\/div>\n","protected":false},"excerpt":{"rendered":"<p>Region \u2013 Seit mehr als hundert Jahren setzt der Frauentag ein Zeichen f\u00fcr die Gleichberechtigung von Frauen und M\u00e4nnern. Stand anfangs das Wahlrecht f\u00fcr Frauen im Fokus, wurden im Laufe der Jahre immer mehr Themen aktuell.<\/p>\n","protected":false},"author":4,"featured_media":0,"comment_status":"closed","ping_status":"open","sticky":false,"template":"","format":"standard","meta":[],"categories":[2],"tags":[],"_links":{"self":[{"href":"http:\/\/cms.mtsomnii.de\/w7\/wp-json\/wp\/v2\/posts\/14209"}],"collection":[{"href":"http:\/\/cms.mtsomnii.de\/w7\/wp-json\/wp\/v2\/posts"}],"about":[{"href":"http:\/\/cms.mtsomnii.de\/w7\/wp-json\/wp\/v2\/types\/post"}],"author":[{"embeddable":true,"href":"http:\/\/cms.mtsomnii.de\/w7\/wp-json\/wp\/v2\/users\/4"}],"replies":[{"embeddable":true,"href":"http:\/\/cms.mtsomnii.de\/w7\/wp-json\/wp\/v2\/comments?post=14209"}],"version-history":[{"count":0,"href":"http:\/\/cms.mtsomnii.de\/w7\/wp-json\/wp\/v2\/posts\/14209\/revisions"}],"wp:attachment":[{"href":"http:\/\/cms.mtsomnii.de\/w7\/wp-json\/wp\/v2\/media?parent=14209"}],"wp:term":[{"taxonomy":"category","embeddable":true,"href":"http:\/\/cms.mtsomnii.de\/w7\/wp-json\/wp\/v2\/categories?post=14209"},{"taxonomy":"post_tag","embeddable":true,"href":"http:\/\/cms.mtsomnii.de\/w7\/wp-json\/wp\/v2\/tags?post=14209"}],"curies":[{"name":"wp","href":"https:\/\/api.w.org\/{rel}","templated":true}]}}