{"id":14215,"date":"2023-03-06T17:25:00","date_gmt":"2023-03-06T16:25:00","guid":{"rendered":"http:\/\/cms.mtsomnii.de\/w7\/merkur-de-gap\/20-jaehrige-im-hotel-vergewaltigt-92128031-html-14215\/"},"modified":"2023-03-06T17:25:00","modified_gmt":"2023-03-06T16:25:00","slug":"20-jaehrige-im-hotel-vergewaltigt-92128031-html","status":"publish","type":"post","link":"http:\/\/cms.mtsomnii.de\/w7\/merkur-de-gap\/20-jaehrige-im-hotel-vergewaltigt-92128031-html-14215\/","title":{"rendered":"20-J\u00e4hrige in Hotel vergewaltigt- Mutma\u00dflicher T\u00e4ter machte Sch\u00fclerin aus Staffelsee-Gebiet zuvor unmoralisches Angebot"},"content":{"rendered":"<div>Ein junge Frau aus dem Staffelsee-Gebiet ist in einem M\u00fcnchner Hotel vergewaltigt worden. Der mutma\u00dfliche T\u00e4ter sitzt in einer Justizvollzugsanstalt. Die Ermittlungen laufen.<\/div>\n","protected":false},"excerpt":{"rendered":"<p>Ein junge Frau aus dem Staffelsee-Gebiet ist in einem M\u00fcnchner Hotel vergewaltigt worden. Der mutma\u00dfliche T\u00e4ter sitzt in einer Justizvollzugsanstalt. Die Ermittlungen laufen.<\/p>\n","protected":false},"author":5,"featured_media":0,"comment_status":"closed","ping_status":"open","sticky":false,"template":"","format":"standard","meta":[],"categories":[5],"tags":[],"_links":{"self":[{"href":"http:\/\/cms.mtsomnii.de\/w7\/wp-json\/wp\/v2\/posts\/14215"}],"collection":[{"href":"http:\/\/cms.mtsomnii.de\/w7\/wp-json\/wp\/v2\/posts"}],"about":[{"href":"http:\/\/cms.mtsomnii.de\/w7\/wp-json\/wp\/v2\/types\/post"}],"author":[{"embeddable":true,"href":"http:\/\/cms.mtsomnii.de\/w7\/wp-json\/wp\/v2\/users\/5"}],"replies":[{"embeddable":true,"href":"http:\/\/cms.mtsomnii.de\/w7\/wp-json\/wp\/v2\/comments?post=14215"}],"version-history":[{"count":0,"href":"http:\/\/cms.mtsomnii.de\/w7\/wp-json\/wp\/v2\/posts\/14215\/revisions"}],"wp:attachment":[{"href":"http:\/\/cms.mtsomnii.de\/w7\/wp-json\/wp\/v2\/media?parent=14215"}],"wp:term":[{"taxonomy":"category","embeddable":true,"href":"http:\/\/cms.mtsomnii.de\/w7\/wp-json\/wp\/v2\/categories?post=14215"},{"taxonomy":"post_tag","embeddable":true,"href":"http:\/\/cms.mtsomnii.de\/w7\/wp-json\/wp\/v2\/tags?post=14215"}],"curies":[{"name":"wp","href":"https:\/\/api.w.org\/{rel}","templated":true}]}}