{"id":14363,"date":"2023-03-23T13:57:46","date_gmt":"2023-03-23T12:57:46","guid":{"rendered":"http:\/\/cms.mtsomnii.de\/w7\/merkur-de-gap\/michael-ende-filmtage-in-garmisch-partenkirchen-92165760-html-14363\/"},"modified":"2023-03-23T13:57:46","modified_gmt":"2023-03-23T12:57:46","slug":"michael-ende-filmtage-in-garmisch-partenkirchen-92165760-html","status":"publish","type":"post","link":"http:\/\/cms.mtsomnii.de\/w7\/merkur-de-gap\/michael-ende-filmtage-in-garmisch-partenkirchen-92165760-html-14363\/","title":{"rendered":"Michael Ende Filmtage in Garmisch-Partenkirchen"},"content":{"rendered":"<div>GAP &#8211; Der Partenkirchner Hochland-Kino in der Ludwigstra\u00dfe 90 pr\u00e4sentiert am 25. und 26. M\u00e4rz 2023 die Verfilmungen von Michael Endes bekanntesten Romanen auf der gro\u00dfen Leinwand. Gezeigt werden auch Filmprojekte heimischer Schulen, die sich mit dem Thema Momo auseinandersetzen.<\/div>\n","protected":false},"excerpt":{"rendered":"<p>GAP &#8211; Der Partenkirchner Hochland-Kino in der Ludwigstra\u00dfe 90 pr\u00e4sentiert am 25. und 26. M\u00e4rz 2023 die Verfilmungen von Michael Endes bekanntesten Romanen auf der gro\u00dfen Leinwand. Gezeigt werden auch Filmprojekte heimischer Schulen, die sich mit dem Thema Momo auseinandersetzen.<\/p>\n","protected":false},"author":5,"featured_media":0,"comment_status":"closed","ping_status":"open","sticky":false,"template":"","format":"standard","meta":[],"categories":[5],"tags":[],"_links":{"self":[{"href":"http:\/\/cms.mtsomnii.de\/w7\/wp-json\/wp\/v2\/posts\/14363"}],"collection":[{"href":"http:\/\/cms.mtsomnii.de\/w7\/wp-json\/wp\/v2\/posts"}],"about":[{"href":"http:\/\/cms.mtsomnii.de\/w7\/wp-json\/wp\/v2\/types\/post"}],"author":[{"embeddable":true,"href":"http:\/\/cms.mtsomnii.de\/w7\/wp-json\/wp\/v2\/users\/5"}],"replies":[{"embeddable":true,"href":"http:\/\/cms.mtsomnii.de\/w7\/wp-json\/wp\/v2\/comments?post=14363"}],"version-history":[{"count":0,"href":"http:\/\/cms.mtsomnii.de\/w7\/wp-json\/wp\/v2\/posts\/14363\/revisions"}],"wp:attachment":[{"href":"http:\/\/cms.mtsomnii.de\/w7\/wp-json\/wp\/v2\/media?parent=14363"}],"wp:term":[{"taxonomy":"category","embeddable":true,"href":"http:\/\/cms.mtsomnii.de\/w7\/wp-json\/wp\/v2\/categories?post=14363"},{"taxonomy":"post_tag","embeddable":true,"href":"http:\/\/cms.mtsomnii.de\/w7\/wp-json\/wp\/v2\/tags?post=14363"}],"curies":[{"name":"wp","href":"https:\/\/api.w.org\/{rel}","templated":true}]}}