{"id":14382,"date":"2023-03-25T04:55:04","date_gmt":"2023-03-25T03:55:04","guid":{"rendered":"http:\/\/cms.mtsomnii.de\/w7\/merkur-de-gap\/bevor-wetter-fruehling-bayern-steht-wilder-schneesturm-bis-ins-flachland-92166204-html-14382\/"},"modified":"2023-03-25T04:55:04","modified_gmt":"2023-03-25T03:55:04","slug":"bevor-wetter-fruehling-bayern-steht-wilder-schneesturm-bis-ins-flachland-92166204-html","status":"publish","type":"post","link":"http:\/\/cms.mtsomnii.de\/w7\/merkur-de-gap\/bevor-wetter-fruehling-bayern-steht-wilder-schneesturm-bis-ins-flachland-92166204-html-14382\/","title":{"rendered":"Schneesturm rollt auf Bayern zu \u2013 Bibber-Wetter h\u00e4lt lange an"},"content":{"rendered":"<div>Alle Bayern, die sich schon in Fr\u00fchlingsgef\u00fchlen wiegen, k\u00f6nnen ab Montag die Winterausr\u00fcstung wieder aus dem Keller holen. Ein regelrechter Schneesturm erwartet uns.<\/div>\n","protected":false},"excerpt":{"rendered":"<p>Alle Bayern, die sich schon in Fr\u00fchlingsgef\u00fchlen wiegen, k\u00f6nnen ab Montag die Winterausr\u00fcstung wieder aus dem Keller holen. Ein regelrechter Schneesturm erwartet uns.<\/p>\n","protected":false},"author":5,"featured_media":0,"comment_status":"closed","ping_status":"open","sticky":false,"template":"","format":"standard","meta":[],"categories":[5],"tags":[],"_links":{"self":[{"href":"http:\/\/cms.mtsomnii.de\/w7\/wp-json\/wp\/v2\/posts\/14382"}],"collection":[{"href":"http:\/\/cms.mtsomnii.de\/w7\/wp-json\/wp\/v2\/posts"}],"about":[{"href":"http:\/\/cms.mtsomnii.de\/w7\/wp-json\/wp\/v2\/types\/post"}],"author":[{"embeddable":true,"href":"http:\/\/cms.mtsomnii.de\/w7\/wp-json\/wp\/v2\/users\/5"}],"replies":[{"embeddable":true,"href":"http:\/\/cms.mtsomnii.de\/w7\/wp-json\/wp\/v2\/comments?post=14382"}],"version-history":[{"count":0,"href":"http:\/\/cms.mtsomnii.de\/w7\/wp-json\/wp\/v2\/posts\/14382\/revisions"}],"wp:attachment":[{"href":"http:\/\/cms.mtsomnii.de\/w7\/wp-json\/wp\/v2\/media?parent=14382"}],"wp:term":[{"taxonomy":"category","embeddable":true,"href":"http:\/\/cms.mtsomnii.de\/w7\/wp-json\/wp\/v2\/categories?post=14382"},{"taxonomy":"post_tag","embeddable":true,"href":"http:\/\/cms.mtsomnii.de\/w7\/wp-json\/wp\/v2\/tags?post=14382"}],"curies":[{"name":"wp","href":"https:\/\/api.w.org\/{rel}","templated":true}]}}