{"id":14421,"date":"2023-03-28T09:00:00","date_gmt":"2023-03-28T07:00:00","guid":{"rendered":"http:\/\/cms.mtsomnii.de\/w7\/merkur-de-gap\/trainingszentrum-fuer-polizei-einsatzkraefte-in-murnau-92167509-html-14421\/"},"modified":"2023-03-28T09:00:00","modified_gmt":"2023-03-28T07:00:00","slug":"trainingszentrum-fuer-polizei-einsatzkraefte-in-murnau-92167509-html","status":"publish","type":"post","link":"http:\/\/cms.mtsomnii.de\/w7\/merkur-de-gap\/trainingszentrum-fuer-polizei-einsatzkraefte-in-murnau-92167509-html-14421\/","title":{"rendered":"Trainingszentrum f\u00fcr Polizei-Einsatzkr\u00e4fte in Murnau"},"content":{"rendered":"<div>Murnau \u2013 Der Neubau eines Polizei-Trainingszentrums im Murnauer Kemmelpark hinkt dem Zeitplan hinterher. Eigentlich h\u00e4tte die \u00dcbungsanlage im kommenden Fr\u00fchsommer   in Betrieb gehen sollen, jetzt dauert es ein paar Monate l\u00e4nger, sagt der Staatssekret\u00e4r im Bayerischen Innenministerium Sandro Kirchner (CSU) anl\u00e4\u00dflich eines gemeinsamen Baustellenbesuchs mit Polizeipr\u00e4sident Manfred Hauser (Oberbayern S\u00fcd).<\/div>\n","protected":false},"excerpt":{"rendered":"<p>Murnau \u2013 Der Neubau eines Polizei-Trainingszentrums im Murnauer Kemmelpark hinkt dem Zeitplan hinterher. Eigentlich h\u00e4tte die \u00dcbungsanlage im kommenden Fr\u00fchsommer in Betrieb gehen sollen, jetzt dauert es ein paar Monate l\u00e4nger, sagt der Staatssekret\u00e4r im Bayerischen Innenministerium Sandro Kirchner (CSU) anl\u00e4\u00dflich eines gemeinsamen Baustellenbesuchs mit Polizeipr\u00e4sident Manfred Hauser (Oberbayern S\u00fcd).<\/p>\n","protected":false},"author":5,"featured_media":0,"comment_status":"closed","ping_status":"open","sticky":false,"template":"","format":"standard","meta":[],"categories":[5],"tags":[],"_links":{"self":[{"href":"http:\/\/cms.mtsomnii.de\/w7\/wp-json\/wp\/v2\/posts\/14421"}],"collection":[{"href":"http:\/\/cms.mtsomnii.de\/w7\/wp-json\/wp\/v2\/posts"}],"about":[{"href":"http:\/\/cms.mtsomnii.de\/w7\/wp-json\/wp\/v2\/types\/post"}],"author":[{"embeddable":true,"href":"http:\/\/cms.mtsomnii.de\/w7\/wp-json\/wp\/v2\/users\/5"}],"replies":[{"embeddable":true,"href":"http:\/\/cms.mtsomnii.de\/w7\/wp-json\/wp\/v2\/comments?post=14421"}],"version-history":[{"count":0,"href":"http:\/\/cms.mtsomnii.de\/w7\/wp-json\/wp\/v2\/posts\/14421\/revisions"}],"wp:attachment":[{"href":"http:\/\/cms.mtsomnii.de\/w7\/wp-json\/wp\/v2\/media?parent=14421"}],"wp:term":[{"taxonomy":"category","embeddable":true,"href":"http:\/\/cms.mtsomnii.de\/w7\/wp-json\/wp\/v2\/categories?post=14421"},{"taxonomy":"post_tag","embeddable":true,"href":"http:\/\/cms.mtsomnii.de\/w7\/wp-json\/wp\/v2\/tags?post=14421"}],"curies":[{"name":"wp","href":"https:\/\/api.w.org\/{rel}","templated":true}]}}