{"id":14428,"date":"2023-03-28T11:30:56","date_gmt":"2023-03-28T09:30:56","guid":{"rendered":"http:\/\/cms.mtsomnii.de\/w7\/merkur-de-gap\/lagerhalle-brennt-in-oberau-voellig-nieder-schaden-in-millionenhoehe-92175857-html-2-14428\/"},"modified":"2023-03-28T11:30:56","modified_gmt":"2023-03-28T09:30:56","slug":"lagerhalle-brennt-in-oberau-voellig-nieder-schaden-in-millionenhoehe-92175857-html-2","status":"publish","type":"post","link":"http:\/\/cms.mtsomnii.de\/w7\/merkur-de-gap\/lagerhalle-brennt-in-oberau-voellig-nieder-schaden-in-millionenhoehe-92175857-html-2-14428\/","title":{"rendered":"Lagerhalle brennt in Oberau v\u00f6llig nieder: Schaden in Millionenh\u00f6he"},"content":{"rendered":"<div>In Oberau kam es am Montagabend zu einem verheerenden Brand. Die Halle eines Lebensmittelgro\u00dfh\u00e4ndlers stand in Vollbrand, der Schaden bel\u00e4uft sich auf eine Million Euro.<\/div>\n","protected":false},"excerpt":{"rendered":"<p>In Oberau kam es am Montagabend zu einem verheerenden Brand. Die Halle eines Lebensmittelgro\u00dfh\u00e4ndlers stand in Vollbrand, der Schaden bel\u00e4uft sich auf eine Million Euro.<\/p>\n","protected":false},"author":5,"featured_media":0,"comment_status":"closed","ping_status":"open","sticky":false,"template":"","format":"standard","meta":[],"categories":[5],"tags":[],"_links":{"self":[{"href":"http:\/\/cms.mtsomnii.de\/w7\/wp-json\/wp\/v2\/posts\/14428"}],"collection":[{"href":"http:\/\/cms.mtsomnii.de\/w7\/wp-json\/wp\/v2\/posts"}],"about":[{"href":"http:\/\/cms.mtsomnii.de\/w7\/wp-json\/wp\/v2\/types\/post"}],"author":[{"embeddable":true,"href":"http:\/\/cms.mtsomnii.de\/w7\/wp-json\/wp\/v2\/users\/5"}],"replies":[{"embeddable":true,"href":"http:\/\/cms.mtsomnii.de\/w7\/wp-json\/wp\/v2\/comments?post=14428"}],"version-history":[{"count":0,"href":"http:\/\/cms.mtsomnii.de\/w7\/wp-json\/wp\/v2\/posts\/14428\/revisions"}],"wp:attachment":[{"href":"http:\/\/cms.mtsomnii.de\/w7\/wp-json\/wp\/v2\/media?parent=14428"}],"wp:term":[{"taxonomy":"category","embeddable":true,"href":"http:\/\/cms.mtsomnii.de\/w7\/wp-json\/wp\/v2\/categories?post=14428"},{"taxonomy":"post_tag","embeddable":true,"href":"http:\/\/cms.mtsomnii.de\/w7\/wp-json\/wp\/v2\/tags?post=14428"}],"curies":[{"name":"wp","href":"https:\/\/api.w.org\/{rel}","templated":true}]}}