{"id":14436,"date":"2023-03-29T09:00:00","date_gmt":"2023-03-29T07:00:00","guid":{"rendered":"http:\/\/cms.mtsomnii.de\/w7\/kreisbote-gap\/skispass-mit-felix-neureuther-in-garmisch-partenkirchen-92167518-html-2-14436\/"},"modified":"2023-03-29T09:00:00","modified_gmt":"2023-03-29T07:00:00","slug":"skispass-mit-felix-neureuther-in-garmisch-partenkirchen-92167518-html-2","status":"publish","type":"post","link":"http:\/\/cms.mtsomnii.de\/w7\/kreisbote-gap\/skispass-mit-felix-neureuther-in-garmisch-partenkirchen-92167518-html-2-14436\/","title":{"rendered":"Skispa\u00df mit Felix Neureuther in Garmisch-Partenkirchen"},"content":{"rendered":"<div>GAP \u2013 Felix Neureuther ist es ein besonderes Anliegen, Kindern und Jugendlichen seine Leidenschaft f\u00fcr den Skisport und die Natur n\u00e4herzubringen. Deshalb l\u00e4dt Deutschlands bekanntester Skirennl\u00e4ufer gemeinsam mit INTERSPORT und Dein Winter. Dein Sport. einmal im Jahr eine Schulklasse zum \u201eFelix Neureuther Schulcamp\u201c ein. Von 7. bis 9. M\u00e4rz ging es in diesem Jahr f\u00fcr die 9. Klasse des Gymnasiums Hermeskeil (Rheinland-Pfalz) nach Garmisch-Partenkirchen.<\/div>\n","protected":false},"excerpt":{"rendered":"<p>GAP \u2013 Felix Neureuther ist es ein besonderes Anliegen, Kindern und Jugendlichen seine Leidenschaft f\u00fcr den Skisport und die Natur n\u00e4herzubringen. Deshalb l\u00e4dt Deutschlands bekanntester Skirennl\u00e4ufer gemeinsam mit INTERSPORT und Dein Winter. Dein Sport. einmal im Jahr eine Schulklasse zum \u201eFelix Neureuther Schulcamp\u201c ein. Von 7. bis 9. M\u00e4rz ging es in diesem Jahr f\u00fcr die 9. Klasse des Gymnasiums<\/p>\n","protected":false},"author":4,"featured_media":0,"comment_status":"closed","ping_status":"open","sticky":false,"template":"","format":"standard","meta":[],"categories":[2],"tags":[],"_links":{"self":[{"href":"http:\/\/cms.mtsomnii.de\/w7\/wp-json\/wp\/v2\/posts\/14436"}],"collection":[{"href":"http:\/\/cms.mtsomnii.de\/w7\/wp-json\/wp\/v2\/posts"}],"about":[{"href":"http:\/\/cms.mtsomnii.de\/w7\/wp-json\/wp\/v2\/types\/post"}],"author":[{"embeddable":true,"href":"http:\/\/cms.mtsomnii.de\/w7\/wp-json\/wp\/v2\/users\/4"}],"replies":[{"embeddable":true,"href":"http:\/\/cms.mtsomnii.de\/w7\/wp-json\/wp\/v2\/comments?post=14436"}],"version-history":[{"count":0,"href":"http:\/\/cms.mtsomnii.de\/w7\/wp-json\/wp\/v2\/posts\/14436\/revisions"}],"wp:attachment":[{"href":"http:\/\/cms.mtsomnii.de\/w7\/wp-json\/wp\/v2\/media?parent=14436"}],"wp:term":[{"taxonomy":"category","embeddable":true,"href":"http:\/\/cms.mtsomnii.de\/w7\/wp-json\/wp\/v2\/categories?post=14436"},{"taxonomy":"post_tag","embeddable":true,"href":"http:\/\/cms.mtsomnii.de\/w7\/wp-json\/wp\/v2\/tags?post=14436"}],"curies":[{"name":"wp","href":"https:\/\/api.w.org\/{rel}","templated":true}]}}