{"id":14444,"date":"2023-03-30T10:00:00","date_gmt":"2023-03-30T08:00:00","guid":{"rendered":"http:\/\/cms.mtsomnii.de\/w7\/kreisbote-gap\/von-mittenwald-bis-itzehoe-rekruten-am-fusse-der-zugspitze-92178224-html-14444\/"},"modified":"2023-03-30T10:00:00","modified_gmt":"2023-03-30T08:00:00","slug":"von-mittenwald-bis-itzehoe-rekruten-am-fusse-der-zugspitze-92178224-html","status":"publish","type":"post","link":"http:\/\/cms.mtsomnii.de\/w7\/kreisbote-gap\/von-mittenwald-bis-itzehoe-rekruten-am-fusse-der-zugspitze-92178224-html-14444\/","title":{"rendered":"Von Mittenwald bis Itzehoe \u2013 Rekruten am Fu\u00dfe der Zugspitze"},"content":{"rendered":"<div>Grainau \u2013 Der Rahmen war klein, aber fein und famili\u00e4r: Am Fu\u00dfe der Zugspitze in Grainau gelobten 113 Rekrutinnen und Rekruten des Mittenwalder Gebirgsj\u00e4gerbataillons 233, dem deutschen Volke treu zu dienen. Grainau ist die Patengemeinde der 6. Kompanie, der Ausbildungskompanie des Bataillons. \u201eWir sind stolz auf diese Patenschaft\u201c, begr\u00fc\u00dfte Grainaus B\u00fcrgermeister Stephan M\u00e4rkl die anwesenden G\u00e4ste. Die an der weitesten angereisten Familie kam aus Oberhausen in Nordrhein-Westfalen.<\/div>\n","protected":false},"excerpt":{"rendered":"<p>Grainau \u2013 Der Rahmen war klein, aber fein und famili\u00e4r: Am Fu\u00dfe der Zugspitze in Grainau gelobten 113 Rekrutinnen und Rekruten des Mittenwalder Gebirgsj\u00e4gerbataillons 233, dem deutschen Volke treu zu dienen. Grainau ist die Patengemeinde der 6. Kompanie, der Ausbildungskompanie des Bataillons. \u201eWir sind stolz auf diese Patenschaft\u201c, begr\u00fc\u00dfte Grainaus B\u00fcrgermeister Stephan M\u00e4rkl die anwesenden G\u00e4ste. Die an der weitesten<\/p>\n","protected":false},"author":4,"featured_media":0,"comment_status":"closed","ping_status":"open","sticky":false,"template":"","format":"standard","meta":[],"categories":[2],"tags":[],"_links":{"self":[{"href":"http:\/\/cms.mtsomnii.de\/w7\/wp-json\/wp\/v2\/posts\/14444"}],"collection":[{"href":"http:\/\/cms.mtsomnii.de\/w7\/wp-json\/wp\/v2\/posts"}],"about":[{"href":"http:\/\/cms.mtsomnii.de\/w7\/wp-json\/wp\/v2\/types\/post"}],"author":[{"embeddable":true,"href":"http:\/\/cms.mtsomnii.de\/w7\/wp-json\/wp\/v2\/users\/4"}],"replies":[{"embeddable":true,"href":"http:\/\/cms.mtsomnii.de\/w7\/wp-json\/wp\/v2\/comments?post=14444"}],"version-history":[{"count":0,"href":"http:\/\/cms.mtsomnii.de\/w7\/wp-json\/wp\/v2\/posts\/14444\/revisions"}],"wp:attachment":[{"href":"http:\/\/cms.mtsomnii.de\/w7\/wp-json\/wp\/v2\/media?parent=14444"}],"wp:term":[{"taxonomy":"category","embeddable":true,"href":"http:\/\/cms.mtsomnii.de\/w7\/wp-json\/wp\/v2\/categories?post=14444"},{"taxonomy":"post_tag","embeddable":true,"href":"http:\/\/cms.mtsomnii.de\/w7\/wp-json\/wp\/v2\/tags?post=14444"}],"curies":[{"name":"wp","href":"https:\/\/api.w.org\/{rel}","templated":true}]}}