{"id":14456,"date":"2023-03-30T14:08:00","date_gmt":"2023-03-30T12:08:00","guid":{"rendered":"http:\/\/cms.mtsomnii.de\/w7\/merkur-de-gap\/omobi-seniorenbeirat-will-buergerbegehren-starten-92181486-html-14456\/"},"modified":"2023-03-30T14:08:00","modified_gmt":"2023-03-30T12:08:00","slug":"omobi-seniorenbeirat-will-buergerbegehren-starten-92181486-html","status":"publish","type":"post","link":"http:\/\/cms.mtsomnii.de\/w7\/merkur-de-gap\/omobi-seniorenbeirat-will-buergerbegehren-starten-92181486-html-14456\/","title":{"rendered":"Seniorenbeirat Murnau will B\u00fcrgerbegehren pro Omobi starten"},"content":{"rendered":"<div>Der Seniorenbeirat Murnau will ein B\u00fcrgerbegehren starten, damit der Ortsbus Omobi weiter durch den Ort kurvt. Das Gremium zeigt sich \u00fcberzeugt, eine \u00e4hnliche Akzeptanz wie beim B\u00fcrgerantrag zu erhalten.\u00a0<\/div>\n","protected":false},"excerpt":{"rendered":"<p>Der Seniorenbeirat Murnau will ein B\u00fcrgerbegehren starten, damit der Ortsbus Omobi weiter durch den Ort kurvt. Das Gremium zeigt sich \u00fcberzeugt, eine \u00e4hnliche Akzeptanz wie beim B\u00fcrgerantrag zu erhalten.\u00a0<\/p>\n","protected":false},"author":5,"featured_media":0,"comment_status":"closed","ping_status":"open","sticky":false,"template":"","format":"standard","meta":[],"categories":[5],"tags":[],"_links":{"self":[{"href":"http:\/\/cms.mtsomnii.de\/w7\/wp-json\/wp\/v2\/posts\/14456"}],"collection":[{"href":"http:\/\/cms.mtsomnii.de\/w7\/wp-json\/wp\/v2\/posts"}],"about":[{"href":"http:\/\/cms.mtsomnii.de\/w7\/wp-json\/wp\/v2\/types\/post"}],"author":[{"embeddable":true,"href":"http:\/\/cms.mtsomnii.de\/w7\/wp-json\/wp\/v2\/users\/5"}],"replies":[{"embeddable":true,"href":"http:\/\/cms.mtsomnii.de\/w7\/wp-json\/wp\/v2\/comments?post=14456"}],"version-history":[{"count":0,"href":"http:\/\/cms.mtsomnii.de\/w7\/wp-json\/wp\/v2\/posts\/14456\/revisions"}],"wp:attachment":[{"href":"http:\/\/cms.mtsomnii.de\/w7\/wp-json\/wp\/v2\/media?parent=14456"}],"wp:term":[{"taxonomy":"category","embeddable":true,"href":"http:\/\/cms.mtsomnii.de\/w7\/wp-json\/wp\/v2\/categories?post=14456"},{"taxonomy":"post_tag","embeddable":true,"href":"http:\/\/cms.mtsomnii.de\/w7\/wp-json\/wp\/v2\/tags?post=14456"}],"curies":[{"name":"wp","href":"https:\/\/api.w.org\/{rel}","templated":true}]}}