{"id":14464,"date":"2023-03-31T05:19:18","date_gmt":"2023-03-31T03:19:18","guid":{"rendered":"http:\/\/cms.mtsomnii.de\/w7\/merkur-de-gap\/und-scheune-waffenarsenal-in-wohnung-92174005-html-14464\/"},"modified":"2023-03-31T05:19:18","modified_gmt":"2023-03-31T03:19:18","slug":"und-scheune-waffenarsenal-in-wohnung-92174005-html","status":"publish","type":"post","link":"http:\/\/cms.mtsomnii.de\/w7\/merkur-de-gap\/und-scheune-waffenarsenal-in-wohnung-92174005-html-14464\/","title":{"rendered":"Maschinenpistolen aus Wehrmacht-Zeiten: Bayer hortet massenweise illegal Waffen und Munition"},"content":{"rendered":"<div>Zollfahnder haben bei einer Razzia im s\u00fcdlichen Landkreis eine beachtliche Sammlung eines 62-j\u00e4hrigen Waffennarrs beschlagnahmt. Ein gro\u00dfer Teil, darunter sogar vollautomatische Maschinenpistolen, war offenbar illegal erworben worden. Hinweise auf Verbindungen zur Reichsb\u00fcrger-Szene oder zu extremistischen Kreisen gibt es allerdings nicht.<\/div>\n","protected":false},"excerpt":{"rendered":"<p>Zollfahnder haben bei einer Razzia im s\u00fcdlichen Landkreis eine beachtliche Sammlung eines 62-j\u00e4hrigen Waffennarrs beschlagnahmt. Ein gro\u00dfer Teil, darunter sogar vollautomatische Maschinenpistolen, war offenbar illegal erworben worden. Hinweise auf Verbindungen zur Reichsb\u00fcrger-Szene oder zu extremistischen Kreisen gibt es allerdings nicht.<\/p>\n","protected":false},"author":5,"featured_media":0,"comment_status":"closed","ping_status":"open","sticky":false,"template":"","format":"standard","meta":[],"categories":[5],"tags":[],"_links":{"self":[{"href":"http:\/\/cms.mtsomnii.de\/w7\/wp-json\/wp\/v2\/posts\/14464"}],"collection":[{"href":"http:\/\/cms.mtsomnii.de\/w7\/wp-json\/wp\/v2\/posts"}],"about":[{"href":"http:\/\/cms.mtsomnii.de\/w7\/wp-json\/wp\/v2\/types\/post"}],"author":[{"embeddable":true,"href":"http:\/\/cms.mtsomnii.de\/w7\/wp-json\/wp\/v2\/users\/5"}],"replies":[{"embeddable":true,"href":"http:\/\/cms.mtsomnii.de\/w7\/wp-json\/wp\/v2\/comments?post=14464"}],"version-history":[{"count":0,"href":"http:\/\/cms.mtsomnii.de\/w7\/wp-json\/wp\/v2\/posts\/14464\/revisions"}],"wp:attachment":[{"href":"http:\/\/cms.mtsomnii.de\/w7\/wp-json\/wp\/v2\/media?parent=14464"}],"wp:term":[{"taxonomy":"category","embeddable":true,"href":"http:\/\/cms.mtsomnii.de\/w7\/wp-json\/wp\/v2\/categories?post=14464"},{"taxonomy":"post_tag","embeddable":true,"href":"http:\/\/cms.mtsomnii.de\/w7\/wp-json\/wp\/v2\/tags?post=14464"}],"curies":[{"name":"wp","href":"https:\/\/api.w.org\/{rel}","templated":true}]}}