{"id":14465,"date":"2023-03-31T09:00:00","date_gmt":"2023-03-31T07:00:00","guid":{"rendered":"http:\/\/cms.mtsomnii.de\/w7\/merkur-de-gap\/osterferien-programm-fuer-kinder-und-familien-im-freilichtmuseum-glentleiten-92178523-html-14465\/"},"modified":"2023-03-31T09:00:00","modified_gmt":"2023-03-31T07:00:00","slug":"osterferien-programm-fuer-kinder-und-familien-im-freilichtmuseum-glentleiten-92178523-html","status":"publish","type":"post","link":"http:\/\/cms.mtsomnii.de\/w7\/merkur-de-gap\/osterferien-programm-fuer-kinder-und-familien-im-freilichtmuseum-glentleiten-92178523-html-14465\/","title":{"rendered":"Osterferien-Programm f\u00fcr Kinder und Familien im Freilichtmuseum Glentleiten"},"content":{"rendered":"<div>Gro\u00dfweil \u2013 W\u00e4hrend der Osterferien bietet das Freilichtmuseum Glentleiten des Bezirks Oberbayern Kindern und Familien wieder ein vielseitiges Programm rund um das Thema \u201eLandleben fr\u00fcher\u201c. H\u00f6hepunkt sind Ostersonn- und Ostermontag (9.\/10.4.) mit gro\u00dfer Holzk\u00e4fer-Suche, die die kleinen Besuchenden gegen Bio-Eier eintauschen d\u00fcrfen. An beiden Tagen ist au\u00dferdem Erz\u00e4hlerin Katharina Ritter mit wilden Osterhasengeschichten zu Gast. Dar\u00fcber hinaus bietet die Hafnerei Mitmachprogramme am 1.4. (Geschirr bemalen), vom 4.-7.4. (T\u00f6pfern wie die Profis) sowie vom 11.-15.4. (Geschirr bemalen) an, am 4. und 10.4. k\u00f6nnen Kinder beim Stoffdruck mithelfen, und am 13.4. gibt es einen Nachmittag rund um Wolle. Den Abschluss der Osterferien bildet die musikalische Weltreise \u201eKleine Schnecke \u2013 gro\u00dfer Traum\u201c mit Rainer Gruber, Sonja und Jan Eschke f\u00fcr Familien mit Kindern ab 3 Jahren am 16.4. F\u00fcr M\u00e4dchen und Buben bis einschlie\u00dflich 15 Jahre ist der Eintritt ins Freilichtmuseum Glentleiten \u00fcbrigens frei.<\/div>\n","protected":false},"excerpt":{"rendered":"<p>Gro\u00dfweil \u2013 W\u00e4hrend der Osterferien bietet das Freilichtmuseum Glentleiten des Bezirks Oberbayern Kindern und Familien wieder ein vielseitiges Programm rund um das Thema \u201eLandleben fr\u00fcher\u201c. H\u00f6hepunkt sind Ostersonn- und Ostermontag (9.\/10.4.) mit gro\u00dfer Holzk\u00e4fer-Suche, die die kleinen Besuchenden gegen Bio-Eier eintauschen d\u00fcrfen. An beiden Tagen ist au\u00dferdem Erz\u00e4hlerin Katharina Ritter mit wilden Osterhasengeschichten zu Gast. Dar\u00fcber hinaus bietet die Hafnerei<\/p>\n","protected":false},"author":5,"featured_media":0,"comment_status":"closed","ping_status":"open","sticky":false,"template":"","format":"standard","meta":[],"categories":[5],"tags":[],"_links":{"self":[{"href":"http:\/\/cms.mtsomnii.de\/w7\/wp-json\/wp\/v2\/posts\/14465"}],"collection":[{"href":"http:\/\/cms.mtsomnii.de\/w7\/wp-json\/wp\/v2\/posts"}],"about":[{"href":"http:\/\/cms.mtsomnii.de\/w7\/wp-json\/wp\/v2\/types\/post"}],"author":[{"embeddable":true,"href":"http:\/\/cms.mtsomnii.de\/w7\/wp-json\/wp\/v2\/users\/5"}],"replies":[{"embeddable":true,"href":"http:\/\/cms.mtsomnii.de\/w7\/wp-json\/wp\/v2\/comments?post=14465"}],"version-history":[{"count":0,"href":"http:\/\/cms.mtsomnii.de\/w7\/wp-json\/wp\/v2\/posts\/14465\/revisions"}],"wp:attachment":[{"href":"http:\/\/cms.mtsomnii.de\/w7\/wp-json\/wp\/v2\/media?parent=14465"}],"wp:term":[{"taxonomy":"category","embeddable":true,"href":"http:\/\/cms.mtsomnii.de\/w7\/wp-json\/wp\/v2\/categories?post=14465"},{"taxonomy":"post_tag","embeddable":true,"href":"http:\/\/cms.mtsomnii.de\/w7\/wp-json\/wp\/v2\/tags?post=14465"}],"curies":[{"name":"wp","href":"https:\/\/api.w.org\/{rel}","templated":true}]}}