{"id":14467,"date":"2023-03-31T13:37:00","date_gmt":"2023-03-31T11:37:00","guid":{"rendered":"http:\/\/cms.mtsomnii.de\/w7\/merkur-de-gap\/muntere-debatte-um-rad-schutzstreifen-92182515-html-14467\/"},"modified":"2023-03-31T13:37:00","modified_gmt":"2023-03-31T11:37:00","slug":"muntere-debatte-um-rad-schutzstreifen-92182515-html","status":"publish","type":"post","link":"http:\/\/cms.mtsomnii.de\/w7\/merkur-de-gap\/muntere-debatte-um-rad-schutzstreifen-92182515-html-14467\/","title":{"rendered":"Kontr\u00e4re Positionen in Sachen Rad-Schutzstreifen &#8211; Beuting:  \u201eSie schaffen Aufmerksamkeit f\u00fcr den Radverkehr\u201c &#8211; Probst: \u201eReine Show-Veranstaltung\u201c"},"content":{"rendered":"<div>Die Sicherheit an der Schwaiganger- und Sollerstra\u00dfe besch\u00e4ftigt die Beh\u00f6rden und Anwohner seit Jahren. Nun hat der Hauptverwaltungsausschuss beschlossen, k\u00fcnftig auf die Fahrbahneinengungen zu verzichten. An der Schwaiganger- und der Schlo\u00dfbergstra\u00dfe sollen bergaufw\u00e4rts Fahrradschutzstreifen angebracht werden.<\/div>\n","protected":false},"excerpt":{"rendered":"<p>Die Sicherheit an der Schwaiganger- und Sollerstra\u00dfe besch\u00e4ftigt die Beh\u00f6rden und Anwohner seit Jahren. Nun hat der Hauptverwaltungsausschuss beschlossen, k\u00fcnftig auf die Fahrbahneinengungen zu verzichten. An der Schwaiganger- und der Schlo\u00dfbergstra\u00dfe sollen bergaufw\u00e4rts Fahrradschutzstreifen angebracht werden.<\/p>\n","protected":false},"author":5,"featured_media":0,"comment_status":"closed","ping_status":"open","sticky":false,"template":"","format":"standard","meta":[],"categories":[5],"tags":[],"_links":{"self":[{"href":"http:\/\/cms.mtsomnii.de\/w7\/wp-json\/wp\/v2\/posts\/14467"}],"collection":[{"href":"http:\/\/cms.mtsomnii.de\/w7\/wp-json\/wp\/v2\/posts"}],"about":[{"href":"http:\/\/cms.mtsomnii.de\/w7\/wp-json\/wp\/v2\/types\/post"}],"author":[{"embeddable":true,"href":"http:\/\/cms.mtsomnii.de\/w7\/wp-json\/wp\/v2\/users\/5"}],"replies":[{"embeddable":true,"href":"http:\/\/cms.mtsomnii.de\/w7\/wp-json\/wp\/v2\/comments?post=14467"}],"version-history":[{"count":0,"href":"http:\/\/cms.mtsomnii.de\/w7\/wp-json\/wp\/v2\/posts\/14467\/revisions"}],"wp:attachment":[{"href":"http:\/\/cms.mtsomnii.de\/w7\/wp-json\/wp\/v2\/media?parent=14467"}],"wp:term":[{"taxonomy":"category","embeddable":true,"href":"http:\/\/cms.mtsomnii.de\/w7\/wp-json\/wp\/v2\/categories?post=14467"},{"taxonomy":"post_tag","embeddable":true,"href":"http:\/\/cms.mtsomnii.de\/w7\/wp-json\/wp\/v2\/tags?post=14467"}],"curies":[{"name":"wp","href":"https:\/\/api.w.org\/{rel}","templated":true}]}}