{"id":14486,"date":"2023-04-03T15:48:24","date_gmt":"2023-04-03T13:48:24","guid":{"rendered":"http:\/\/cms.mtsomnii.de\/w7\/kreisbote-gap\/streit-in-mittenwald-eskalierte-bruederpaar-zeigte-sich-aggressiv-und-es-fielen-schuesse-92190175-html-2-14486\/"},"modified":"2023-04-03T15:48:24","modified_gmt":"2023-04-03T13:48:24","slug":"streit-in-mittenwald-eskalierte-bruederpaar-zeigte-sich-aggressiv-und-es-fielen-schuesse-92190175-html-2","status":"publish","type":"post","link":"http:\/\/cms.mtsomnii.de\/w7\/kreisbote-gap\/streit-in-mittenwald-eskalierte-bruederpaar-zeigte-sich-aggressiv-und-es-fielen-schuesse-92190175-html-2-14486\/","title":{"rendered":"Streit in Mittenwald eskalierte: Br\u00fcderpaar zeigte sich aggressiv und es fielen Sch\u00fcsse"},"content":{"rendered":"<div>Mittenwald &#8211; In der Nacht vom 31.03. auf 01.04.2023 kam es in einer Mittenwalder Diskothek zu einer t\u00e4tlichen Auseinandersetzung zwischen einem Br\u00fcderpaar (24 und 22 Jahre) mit Wohnsitz im oberen Isartal und einem 21-j\u00e4hrigen, ebenfalls mit Wohnsitz im oberen Isartal. Die Beamten der PI Mittenwald und zur Verst\u00e4rkung hinzugezogene Streifen der Polizeiinspektion Garmisch-Partenkirchen und der Bundespolizei konnten die Situation vor Ort f\u00fcrs erste beruhigen. Das Br\u00fcderpaar zeigte sich jedoch weiter sehr aggressiv und war deutlich angetrunken. Nach den Erstma\u00dfnahmen wurde den M\u00e4nnern ein Platzverweis erteilt, dem sie auch nachkamen. Gegen 04:10 Uhr ging eine weitere Mitteilung ein, dass im Bereich der Dammkarstra\u00dfe m\u00f6glicherweise Sch\u00fcsse gefallen waren und einer der Br\u00fcder aus der vorangegangenen Auseinandersetzung evtl. der Urheber dieser verd\u00e4chtigen Ger\u00e4usche war.<\/div>\n","protected":false},"excerpt":{"rendered":"<p>Mittenwald &#8211; In der Nacht vom 31.03. auf 01.04.2023 kam es in einer Mittenwalder Diskothek zu einer t\u00e4tlichen Auseinandersetzung zwischen einem Br\u00fcderpaar (24 und 22 Jahre) mit Wohnsitz im oberen Isartal und einem 21-j\u00e4hrigen, ebenfalls mit Wohnsitz im oberen Isartal. Die Beamten der PI Mittenwald und zur Verst\u00e4rkung hinzugezogene Streifen der Polizeiinspektion Garmisch-Partenkirchen und der Bundespolizei konnten die Situation vor<\/p>\n","protected":false},"author":4,"featured_media":0,"comment_status":"closed","ping_status":"open","sticky":false,"template":"","format":"standard","meta":[],"categories":[2],"tags":[],"_links":{"self":[{"href":"http:\/\/cms.mtsomnii.de\/w7\/wp-json\/wp\/v2\/posts\/14486"}],"collection":[{"href":"http:\/\/cms.mtsomnii.de\/w7\/wp-json\/wp\/v2\/posts"}],"about":[{"href":"http:\/\/cms.mtsomnii.de\/w7\/wp-json\/wp\/v2\/types\/post"}],"author":[{"embeddable":true,"href":"http:\/\/cms.mtsomnii.de\/w7\/wp-json\/wp\/v2\/users\/4"}],"replies":[{"embeddable":true,"href":"http:\/\/cms.mtsomnii.de\/w7\/wp-json\/wp\/v2\/comments?post=14486"}],"version-history":[{"count":0,"href":"http:\/\/cms.mtsomnii.de\/w7\/wp-json\/wp\/v2\/posts\/14486\/revisions"}],"wp:attachment":[{"href":"http:\/\/cms.mtsomnii.de\/w7\/wp-json\/wp\/v2\/media?parent=14486"}],"wp:term":[{"taxonomy":"category","embeddable":true,"href":"http:\/\/cms.mtsomnii.de\/w7\/wp-json\/wp\/v2\/categories?post=14486"},{"taxonomy":"post_tag","embeddable":true,"href":"http:\/\/cms.mtsomnii.de\/w7\/wp-json\/wp\/v2\/tags?post=14486"}],"curies":[{"name":"wp","href":"https:\/\/api.w.org\/{rel}","templated":true}]}}