{"id":14498,"date":"2023-04-04T16:14:48","date_gmt":"2023-04-04T14:14:48","guid":{"rendered":"http:\/\/cms.mtsomnii.de\/w7\/merkur-de-gap\/grenzkontrollen-bei-mittenwald-bundespolizei-bringt-mutmasslichen-schleuser-ins-gefaengnis-92192608-html-14498\/"},"modified":"2023-04-04T16:14:48","modified_gmt":"2023-04-04T14:14:48","slug":"grenzkontrollen-bei-mittenwald-bundespolizei-bringt-mutmasslichen-schleuser-ins-gefaengnis-92192608-html","status":"publish","type":"post","link":"http:\/\/cms.mtsomnii.de\/w7\/merkur-de-gap\/grenzkontrollen-bei-mittenwald-bundespolizei-bringt-mutmasslichen-schleuser-ins-gefaengnis-92192608-html-14498\/","title":{"rendered":"Grenzkontrollen bei Mittenwald: Bundespolizei bringt mutma\u00dflichen Schleuser ins Gef\u00e4ngnis"},"content":{"rendered":"<div>Mittenwald \u2013 Die Bundespolizei hat am Montag (3. April) einen mutma\u00dflichen Schleuser in die Haftanstalt M\u00fcnchen-Stadelheim gebracht. Der Pkw-Fahrer war in der Nacht zuvor bei Grenzkontrollen an der B2 festgenommen worden. Er wird beschuldigt, sieben Landsleute, darunter vier Minderj\u00e4hrige, unter gef\u00e4hrlichen Umst\u00e4nden nach Deutschland gebracht zu haben.<\/div>\n","protected":false},"excerpt":{"rendered":"<p>Mittenwald \u2013 Die Bundespolizei hat am Montag (3. April) einen mutma\u00dflichen Schleuser in die Haftanstalt M\u00fcnchen-Stadelheim gebracht. Der Pkw-Fahrer war in der Nacht zuvor bei Grenzkontrollen an der B2 festgenommen worden. Er wird beschuldigt, sieben Landsleute, darunter vier Minderj\u00e4hrige, unter gef\u00e4hrlichen Umst\u00e4nden nach Deutschland gebracht zu haben.<\/p>\n","protected":false},"author":5,"featured_media":0,"comment_status":"closed","ping_status":"open","sticky":false,"template":"","format":"standard","meta":[],"categories":[5],"tags":[],"_links":{"self":[{"href":"http:\/\/cms.mtsomnii.de\/w7\/wp-json\/wp\/v2\/posts\/14498"}],"collection":[{"href":"http:\/\/cms.mtsomnii.de\/w7\/wp-json\/wp\/v2\/posts"}],"about":[{"href":"http:\/\/cms.mtsomnii.de\/w7\/wp-json\/wp\/v2\/types\/post"}],"author":[{"embeddable":true,"href":"http:\/\/cms.mtsomnii.de\/w7\/wp-json\/wp\/v2\/users\/5"}],"replies":[{"embeddable":true,"href":"http:\/\/cms.mtsomnii.de\/w7\/wp-json\/wp\/v2\/comments?post=14498"}],"version-history":[{"count":0,"href":"http:\/\/cms.mtsomnii.de\/w7\/wp-json\/wp\/v2\/posts\/14498\/revisions"}],"wp:attachment":[{"href":"http:\/\/cms.mtsomnii.de\/w7\/wp-json\/wp\/v2\/media?parent=14498"}],"wp:term":[{"taxonomy":"category","embeddable":true,"href":"http:\/\/cms.mtsomnii.de\/w7\/wp-json\/wp\/v2\/categories?post=14498"},{"taxonomy":"post_tag","embeddable":true,"href":"http:\/\/cms.mtsomnii.de\/w7\/wp-json\/wp\/v2\/tags?post=14498"}],"curies":[{"name":"wp","href":"https:\/\/api.w.org\/{rel}","templated":true}]}}