{"id":14506,"date":"2023-04-05T09:00:00","date_gmt":"2023-04-05T07:00:00","guid":{"rendered":"http:\/\/cms.mtsomnii.de\/w7\/merkur-de-gap\/osterkerze-aus-st-martin-am-palmsonntag-koennen-die-gebastelten-osterkerzen-nach-der-messe-abgekauft-werden-92178213-html-14506\/"},"modified":"2023-04-05T09:00:00","modified_gmt":"2023-04-05T07:00:00","slug":"osterkerze-aus-st-martin-am-palmsonntag-koennen-die-gebastelten-osterkerzen-nach-der-messe-abgekauft-werden-92178213-html","status":"publish","type":"post","link":"http:\/\/cms.mtsomnii.de\/w7\/merkur-de-gap\/osterkerze-aus-st-martin-am-palmsonntag-koennen-die-gebastelten-osterkerzen-nach-der-messe-abgekauft-werden-92178213-html-14506\/","title":{"rendered":"Osterkerze aus St. Martin: Am Palmsonntag k\u00f6nnen die gebastelten Osterkerzen nach der Messe abgekauft werden"},"content":{"rendered":"<div>GAP \u2013 120 wei\u00dfe Kerzen warten darauf, von den Garmischer Ministranten gestaltet und am Palmsonntag nach dem Gottesdienst vor der Pfarrkirche verkauft zu werden. Viel Flei\u00df m\u00fcssen die M\u00e4dchen und Buben daf\u00fcr aufbringen. Deshalb hat Pfarrsekret\u00e4rin Maria Schie\u00dflbauer, die heuer zum vierten Male das Motiv f\u00fcr die Osterkerze gestaltete, f\u00fcr die Ministranten Anleitung, Schablonen und die entsprechende Anzahl Wachsplatten in den Farben Rot, Blau, Gold, Braun und Wei\u00df bereitgelegt. Kleine wei\u00dfe Tauben warten darauf, verarbeitet zu werden. \u201eDie habe ich bereits ausgestanzt, um die Bastelei zu erleichtern\u201c, erkl\u00e4rt sie.<\/div>\n","protected":false},"excerpt":{"rendered":"<p>GAP \u2013 120 wei\u00dfe Kerzen warten darauf, von den Garmischer Ministranten gestaltet und am Palmsonntag nach dem Gottesdienst vor der Pfarrkirche verkauft zu werden. Viel Flei\u00df m\u00fcssen die M\u00e4dchen und Buben daf\u00fcr aufbringen. Deshalb hat Pfarrsekret\u00e4rin Maria Schie\u00dflbauer, die heuer zum vierten Male das Motiv f\u00fcr die Osterkerze gestaltete, f\u00fcr die Ministranten Anleitung, Schablonen und die entsprechende Anzahl Wachsplatten in<\/p>\n","protected":false},"author":5,"featured_media":0,"comment_status":"closed","ping_status":"open","sticky":false,"template":"","format":"standard","meta":[],"categories":[5],"tags":[],"_links":{"self":[{"href":"http:\/\/cms.mtsomnii.de\/w7\/wp-json\/wp\/v2\/posts\/14506"}],"collection":[{"href":"http:\/\/cms.mtsomnii.de\/w7\/wp-json\/wp\/v2\/posts"}],"about":[{"href":"http:\/\/cms.mtsomnii.de\/w7\/wp-json\/wp\/v2\/types\/post"}],"author":[{"embeddable":true,"href":"http:\/\/cms.mtsomnii.de\/w7\/wp-json\/wp\/v2\/users\/5"}],"replies":[{"embeddable":true,"href":"http:\/\/cms.mtsomnii.de\/w7\/wp-json\/wp\/v2\/comments?post=14506"}],"version-history":[{"count":0,"href":"http:\/\/cms.mtsomnii.de\/w7\/wp-json\/wp\/v2\/posts\/14506\/revisions"}],"wp:attachment":[{"href":"http:\/\/cms.mtsomnii.de\/w7\/wp-json\/wp\/v2\/media?parent=14506"}],"wp:term":[{"taxonomy":"category","embeddable":true,"href":"http:\/\/cms.mtsomnii.de\/w7\/wp-json\/wp\/v2\/categories?post=14506"},{"taxonomy":"post_tag","embeddable":true,"href":"http:\/\/cms.mtsomnii.de\/w7\/wp-json\/wp\/v2\/tags?post=14506"}],"curies":[{"name":"wp","href":"https:\/\/api.w.org\/{rel}","templated":true}]}}