{"id":14531,"date":"2023-04-07T04:49:41","date_gmt":"2023-04-07T02:49:41","guid":{"rendered":"http:\/\/cms.mtsomnii.de\/w7\/merkur-de-gap\/felswand-die-berge-wachen-ueber-uns-oberbayer-sieht-zwei-goettliche-gesichter-im-92195295-html-14531\/"},"modified":"2023-04-07T04:49:41","modified_gmt":"2023-04-07T02:49:41","slug":"felswand-die-berge-wachen-ueber-uns-oberbayer-sieht-zwei-goettliche-gesichter-im-92195295-html","status":"publish","type":"post","link":"http:\/\/cms.mtsomnii.de\/w7\/merkur-de-gap\/felswand-die-berge-wachen-ueber-uns-oberbayer-sieht-zwei-goettliche-gesichter-im-92195295-html-14531\/","title":{"rendered":"\u201eDie Berge wachen \u00fcber uns\u201c: Oberbayer sieht zwei g\u00f6ttliche Gesichter im Fels unterhalb der Alpspitze"},"content":{"rendered":"<div>Josef Wassermann sieht zwei Gesichter im Fels unterhalb der Alpspitze \u2013 f\u00fcr ihn eindeutig eine Piet\u00e0. Die Natur stelle etwas zur Verf\u00fcgung, das Trost spendet.<\/div>\n","protected":false},"excerpt":{"rendered":"<p>Josef Wassermann sieht zwei Gesichter im Fels unterhalb der Alpspitze \u2013 f\u00fcr ihn eindeutig eine Piet\u00e0. Die Natur stelle etwas zur Verf\u00fcgung, das Trost spendet.<\/p>\n","protected":false},"author":5,"featured_media":0,"comment_status":"closed","ping_status":"open","sticky":false,"template":"","format":"standard","meta":[],"categories":[5],"tags":[],"_links":{"self":[{"href":"http:\/\/cms.mtsomnii.de\/w7\/wp-json\/wp\/v2\/posts\/14531"}],"collection":[{"href":"http:\/\/cms.mtsomnii.de\/w7\/wp-json\/wp\/v2\/posts"}],"about":[{"href":"http:\/\/cms.mtsomnii.de\/w7\/wp-json\/wp\/v2\/types\/post"}],"author":[{"embeddable":true,"href":"http:\/\/cms.mtsomnii.de\/w7\/wp-json\/wp\/v2\/users\/5"}],"replies":[{"embeddable":true,"href":"http:\/\/cms.mtsomnii.de\/w7\/wp-json\/wp\/v2\/comments?post=14531"}],"version-history":[{"count":0,"href":"http:\/\/cms.mtsomnii.de\/w7\/wp-json\/wp\/v2\/posts\/14531\/revisions"}],"wp:attachment":[{"href":"http:\/\/cms.mtsomnii.de\/w7\/wp-json\/wp\/v2\/media?parent=14531"}],"wp:term":[{"taxonomy":"category","embeddable":true,"href":"http:\/\/cms.mtsomnii.de\/w7\/wp-json\/wp\/v2\/categories?post=14531"},{"taxonomy":"post_tag","embeddable":true,"href":"http:\/\/cms.mtsomnii.de\/w7\/wp-json\/wp\/v2\/tags?post=14531"}],"curies":[{"name":"wp","href":"https:\/\/api.w.org\/{rel}","templated":true}]}}