{"id":14543,"date":"2023-04-09T08:00:00","date_gmt":"2023-04-09T06:00:00","guid":{"rendered":"http:\/\/cms.mtsomnii.de\/w7\/merkur-de-gap\/kongresshaus-wirbel-um-plakataktion-92199357-html-14543\/"},"modified":"2023-04-09T08:00:00","modified_gmt":"2023-04-09T06:00:00","slug":"kongresshaus-wirbel-um-plakataktion-92199357-html","status":"publish","type":"post","link":"http:\/\/cms.mtsomnii.de\/w7\/merkur-de-gap\/kongresshaus-wirbel-um-plakataktion-92199357-html-14543\/","title":{"rendered":"Kongresshaus-Streit in Garmisch-Partenkirchen: Wirbel um Plakataktion"},"content":{"rendered":"<div>Garmisch-Partenkirchen \u2013 Im Vorfeld der B\u00fcrgerentscheide zum Garmisch-Partenkirchner Kongresshaus am 23. April gibt es weiteren \u00c4rger. Denn die B\u00fcrgerinitiative (BI) \u201eRettet unser Kongresshaus vor dem Abriss\u201c wirft der Marktgemeinde \u201eunlautere Methoden\u201c vor. Zum einen geht es um die Plakatierung zur Abstimmung \u00fcber Sanierung oder Neubau des Geb\u00e4udes. Dar\u00fcber hinaus dreht es sich um den Zeitpunkt der Verteilung der Briefwahlunterlagen.<\/div>\n","protected":false},"excerpt":{"rendered":"<p>Garmisch-Partenkirchen \u2013 Im Vorfeld der B\u00fcrgerentscheide zum Garmisch-Partenkirchner Kongresshaus am 23. April gibt es weiteren \u00c4rger. Denn die B\u00fcrgerinitiative (BI) \u201eRettet unser Kongresshaus vor dem Abriss\u201c wirft der Marktgemeinde \u201eunlautere Methoden\u201c vor. Zum einen geht es um die Plakatierung zur Abstimmung \u00fcber Sanierung oder Neubau des Geb\u00e4udes. Dar\u00fcber hinaus dreht es sich um den Zeitpunkt der Verteilung der Briefwahlunterlagen.<\/p>\n","protected":false},"author":5,"featured_media":0,"comment_status":"closed","ping_status":"open","sticky":false,"template":"","format":"standard","meta":[],"categories":[5],"tags":[],"_links":{"self":[{"href":"http:\/\/cms.mtsomnii.de\/w7\/wp-json\/wp\/v2\/posts\/14543"}],"collection":[{"href":"http:\/\/cms.mtsomnii.de\/w7\/wp-json\/wp\/v2\/posts"}],"about":[{"href":"http:\/\/cms.mtsomnii.de\/w7\/wp-json\/wp\/v2\/types\/post"}],"author":[{"embeddable":true,"href":"http:\/\/cms.mtsomnii.de\/w7\/wp-json\/wp\/v2\/users\/5"}],"replies":[{"embeddable":true,"href":"http:\/\/cms.mtsomnii.de\/w7\/wp-json\/wp\/v2\/comments?post=14543"}],"version-history":[{"count":0,"href":"http:\/\/cms.mtsomnii.de\/w7\/wp-json\/wp\/v2\/posts\/14543\/revisions"}],"wp:attachment":[{"href":"http:\/\/cms.mtsomnii.de\/w7\/wp-json\/wp\/v2\/media?parent=14543"}],"wp:term":[{"taxonomy":"category","embeddable":true,"href":"http:\/\/cms.mtsomnii.de\/w7\/wp-json\/wp\/v2\/categories?post=14543"},{"taxonomy":"post_tag","embeddable":true,"href":"http:\/\/cms.mtsomnii.de\/w7\/wp-json\/wp\/v2\/tags?post=14543"}],"curies":[{"name":"wp","href":"https:\/\/api.w.org\/{rel}","templated":true}]}}