{"id":14550,"date":"2023-04-10T17:13:31","date_gmt":"2023-04-10T15:13:31","guid":{"rendered":"http:\/\/cms.mtsomnii.de\/w7\/merkur-de-gap\/zwoelf-stunden-rettungsmission-am-jubilaeumsgrat-im-wettersteingebirge-92201992-html-14550\/"},"modified":"2023-04-10T17:13:31","modified_gmt":"2023-04-10T15:13:31","slug":"zwoelf-stunden-rettungsmission-am-jubilaeumsgrat-im-wettersteingebirge-92201992-html","status":"publish","type":"post","link":"http:\/\/cms.mtsomnii.de\/w7\/merkur-de-gap\/zwoelf-stunden-rettungsmission-am-jubilaeumsgrat-im-wettersteingebirge-92201992-html-14550\/","title":{"rendered":"Bergsteiger sitzt am Jubil\u00e4umsgrat fest: Rettungsmission dauert im dichten Nebel zw\u00f6lf Stunden"},"content":{"rendered":"<div>Rund um Ostern muss die Bergwacht Garmisch-Partenkirchen gleich zweimal hoch zum Jubil\u00e4umsgrat, wo Bergsteiger die Verh\u00e4ltnisse mit Neuschnee offenbar untersch\u00e4tzt haben.<\/div>\n","protected":false},"excerpt":{"rendered":"<p>Rund um Ostern muss die Bergwacht Garmisch-Partenkirchen gleich zweimal hoch zum Jubil\u00e4umsgrat, wo Bergsteiger die Verh\u00e4ltnisse mit Neuschnee offenbar untersch\u00e4tzt haben.<\/p>\n","protected":false},"author":5,"featured_media":0,"comment_status":"closed","ping_status":"open","sticky":false,"template":"","format":"standard","meta":[],"categories":[5],"tags":[],"_links":{"self":[{"href":"http:\/\/cms.mtsomnii.de\/w7\/wp-json\/wp\/v2\/posts\/14550"}],"collection":[{"href":"http:\/\/cms.mtsomnii.de\/w7\/wp-json\/wp\/v2\/posts"}],"about":[{"href":"http:\/\/cms.mtsomnii.de\/w7\/wp-json\/wp\/v2\/types\/post"}],"author":[{"embeddable":true,"href":"http:\/\/cms.mtsomnii.de\/w7\/wp-json\/wp\/v2\/users\/5"}],"replies":[{"embeddable":true,"href":"http:\/\/cms.mtsomnii.de\/w7\/wp-json\/wp\/v2\/comments?post=14550"}],"version-history":[{"count":0,"href":"http:\/\/cms.mtsomnii.de\/w7\/wp-json\/wp\/v2\/posts\/14550\/revisions"}],"wp:attachment":[{"href":"http:\/\/cms.mtsomnii.de\/w7\/wp-json\/wp\/v2\/media?parent=14550"}],"wp:term":[{"taxonomy":"category","embeddable":true,"href":"http:\/\/cms.mtsomnii.de\/w7\/wp-json\/wp\/v2\/categories?post=14550"},{"taxonomy":"post_tag","embeddable":true,"href":"http:\/\/cms.mtsomnii.de\/w7\/wp-json\/wp\/v2\/tags?post=14550"}],"curies":[{"name":"wp","href":"https:\/\/api.w.org\/{rel}","templated":true}]}}