{"id":14554,"date":"2023-04-11T09:19:45","date_gmt":"2023-04-11T07:19:45","guid":{"rendered":"http:\/\/cms.mtsomnii.de\/w7\/merkur-de-gap\/bartgeier-wiederansiedelung-alpenraum-garmisch-partenkirchen-wetterstein-zugspitze-92202802-html-14554\/"},"modified":"2023-04-11T09:19:45","modified_gmt":"2023-04-11T07:19:45","slug":"bartgeier-wiederansiedelung-alpenraum-garmisch-partenkirchen-wetterstein-zugspitze-92202802-html","status":"publish","type":"post","link":"http:\/\/cms.mtsomnii.de\/w7\/merkur-de-gap\/bartgeier-wiederansiedelung-alpenraum-garmisch-partenkirchen-wetterstein-zugspitze-92202802-html-14554\/","title":{"rendered":"Der \u201eKindsr\u00e4uber\u201c ist wieder da: Wie der Bartgeier in den Alpenraum zur\u00fcckkehrte"},"content":{"rendered":"<div>Der Biologe Toni Wegscheider k\u00e4mpft daf\u00fcr, dass der Bartgeier im Alpenraum wieder heimisch wird. In Farchant erz\u00e4hlte er von den Fortschritten. Schauerm\u00e4rchen f\u00fchrten einst zur Ausrottung des Vogels.<\/div>\n","protected":false},"excerpt":{"rendered":"<p>Der Biologe Toni Wegscheider k\u00e4mpft daf\u00fcr, dass der Bartgeier im Alpenraum wieder heimisch wird. In Farchant erz\u00e4hlte er von den Fortschritten. Schauerm\u00e4rchen f\u00fchrten einst zur Ausrottung des Vogels.<\/p>\n","protected":false},"author":5,"featured_media":0,"comment_status":"closed","ping_status":"open","sticky":false,"template":"","format":"standard","meta":[],"categories":[5],"tags":[],"_links":{"self":[{"href":"http:\/\/cms.mtsomnii.de\/w7\/wp-json\/wp\/v2\/posts\/14554"}],"collection":[{"href":"http:\/\/cms.mtsomnii.de\/w7\/wp-json\/wp\/v2\/posts"}],"about":[{"href":"http:\/\/cms.mtsomnii.de\/w7\/wp-json\/wp\/v2\/types\/post"}],"author":[{"embeddable":true,"href":"http:\/\/cms.mtsomnii.de\/w7\/wp-json\/wp\/v2\/users\/5"}],"replies":[{"embeddable":true,"href":"http:\/\/cms.mtsomnii.de\/w7\/wp-json\/wp\/v2\/comments?post=14554"}],"version-history":[{"count":0,"href":"http:\/\/cms.mtsomnii.de\/w7\/wp-json\/wp\/v2\/posts\/14554\/revisions"}],"wp:attachment":[{"href":"http:\/\/cms.mtsomnii.de\/w7\/wp-json\/wp\/v2\/media?parent=14554"}],"wp:term":[{"taxonomy":"category","embeddable":true,"href":"http:\/\/cms.mtsomnii.de\/w7\/wp-json\/wp\/v2\/categories?post=14554"},{"taxonomy":"post_tag","embeddable":true,"href":"http:\/\/cms.mtsomnii.de\/w7\/wp-json\/wp\/v2\/tags?post=14554"}],"curies":[{"name":"wp","href":"https:\/\/api.w.org\/{rel}","templated":true}]}}