{"id":14555,"date":"2023-04-11T09:06:19","date_gmt":"2023-04-11T07:06:19","guid":{"rendered":"http:\/\/cms.mtsomnii.de\/w7\/kreisbote-gap\/einsatz-am-jubilaeumsgrat-anspruchsvolle-rettung-eines-blockierten-im-bereich-der-aeusseren-hoellentalspitze-92202794-html-2-14555\/"},"modified":"2023-04-11T09:06:19","modified_gmt":"2023-04-11T07:06:19","slug":"einsatz-am-jubilaeumsgrat-anspruchsvolle-rettung-eines-blockierten-im-bereich-der-aeusseren-hoellentalspitze-92202794-html-2","status":"publish","type":"post","link":"http:\/\/cms.mtsomnii.de\/w7\/kreisbote-gap\/einsatz-am-jubilaeumsgrat-anspruchsvolle-rettung-eines-blockierten-im-bereich-der-aeusseren-hoellentalspitze-92202794-html-2-14555\/","title":{"rendered":"Einsatz am Jubil\u00e4umsgrat: Anspruchsvolle Rettung eines Blockierten im Bereich der \u00c4u\u00dferen H\u00f6llentalspitze"},"content":{"rendered":"<div>GAP &#8211; Bereits zum zweiten Mal letzte Woche wurde die Bergwacht Garmisch-Partenkirchen an den Jubil\u00e4umsgrat alarmiert. Ein Bergsteiger war am Freitag, den 07.04.2023 in der fr\u00fch in den Jubil\u00e4umsgrat eingestiegen, bis zur Biwakschachtel gelangt, um am n\u00e4chsten Tag weiter zu gehen. Nachdem Tags darauf das Wetter schlecht war, verblieb er eine weitere Nacht an der Biwakschachtel und setzte seinen Weg am Sonntag, den 09.04.2023 fort. Gegen 8 Uhr war er im Bereich der \u00e4u\u00dferen H\u00f6llentalspitze blockiert und rief die Bergwacht.<\/div>\n","protected":false},"excerpt":{"rendered":"<p>GAP &#8211; Bereits zum zweiten Mal letzte Woche wurde die Bergwacht Garmisch-Partenkirchen an den Jubil\u00e4umsgrat alarmiert. Ein Bergsteiger war am Freitag, den 07.04.2023 in der fr\u00fch in den Jubil\u00e4umsgrat eingestiegen, bis zur Biwakschachtel gelangt, um am n\u00e4chsten Tag weiter zu gehen. Nachdem Tags darauf das Wetter schlecht war, verblieb er eine weitere Nacht an der Biwakschachtel und setzte seinen Weg<\/p>\n","protected":false},"author":4,"featured_media":0,"comment_status":"closed","ping_status":"open","sticky":false,"template":"","format":"standard","meta":[],"categories":[2],"tags":[],"_links":{"self":[{"href":"http:\/\/cms.mtsomnii.de\/w7\/wp-json\/wp\/v2\/posts\/14555"}],"collection":[{"href":"http:\/\/cms.mtsomnii.de\/w7\/wp-json\/wp\/v2\/posts"}],"about":[{"href":"http:\/\/cms.mtsomnii.de\/w7\/wp-json\/wp\/v2\/types\/post"}],"author":[{"embeddable":true,"href":"http:\/\/cms.mtsomnii.de\/w7\/wp-json\/wp\/v2\/users\/4"}],"replies":[{"embeddable":true,"href":"http:\/\/cms.mtsomnii.de\/w7\/wp-json\/wp\/v2\/comments?post=14555"}],"version-history":[{"count":0,"href":"http:\/\/cms.mtsomnii.de\/w7\/wp-json\/wp\/v2\/posts\/14555\/revisions"}],"wp:attachment":[{"href":"http:\/\/cms.mtsomnii.de\/w7\/wp-json\/wp\/v2\/media?parent=14555"}],"wp:term":[{"taxonomy":"category","embeddable":true,"href":"http:\/\/cms.mtsomnii.de\/w7\/wp-json\/wp\/v2\/categories?post=14555"},{"taxonomy":"post_tag","embeddable":true,"href":"http:\/\/cms.mtsomnii.de\/w7\/wp-json\/wp\/v2\/tags?post=14555"}],"curies":[{"name":"wp","href":"https:\/\/api.w.org\/{rel}","templated":true}]}}