{"id":14700,"date":"2023-04-21T13:00:25","date_gmt":"2023-04-21T11:00:25","guid":{"rendered":"http:\/\/cms.mtsomnii.de\/w7\/merkur-de-gap\/der-glentleitner-schaftag-lockt-an-diesem-sonntag-nach-grossweil-92226092-html-14700\/"},"modified":"2023-04-21T13:00:25","modified_gmt":"2023-04-21T11:00:25","slug":"der-glentleitner-schaftag-lockt-an-diesem-sonntag-nach-grossweil-92226092-html","status":"publish","type":"post","link":"http:\/\/cms.mtsomnii.de\/w7\/merkur-de-gap\/der-glentleitner-schaftag-lockt-an-diesem-sonntag-nach-grossweil-92226092-html-14700\/","title":{"rendered":"Das gro\u00dfe Bl\u00f6ken der Bergschafe auf der Glentleiten"},"content":{"rendered":"<div>Gro\u00dfweil &#8211; Am 23. April ist Schaftag auf der Glentleiten. Auf dem Gel\u00e4nde des idyllisch gelegenen Freilichtmuseums werden Schwarze, Braune und Gescheckte Bergschafe sowie Alpine und Krainer Steinschafe pr\u00e4miert, dazu gibt es ein buntes Rahmenprogramm.<\/div>\n","protected":false},"excerpt":{"rendered":"<p>Gro\u00dfweil &#8211; Am 23. April ist Schaftag auf der Glentleiten. Auf dem Gel\u00e4nde des idyllisch gelegenen Freilichtmuseums werden Schwarze, Braune und Gescheckte Bergschafe sowie Alpine und Krainer Steinschafe pr\u00e4miert, dazu gibt es ein buntes Rahmenprogramm.<\/p>\n","protected":false},"author":5,"featured_media":0,"comment_status":"closed","ping_status":"open","sticky":false,"template":"","format":"standard","meta":[],"categories":[5],"tags":[],"_links":{"self":[{"href":"http:\/\/cms.mtsomnii.de\/w7\/wp-json\/wp\/v2\/posts\/14700"}],"collection":[{"href":"http:\/\/cms.mtsomnii.de\/w7\/wp-json\/wp\/v2\/posts"}],"about":[{"href":"http:\/\/cms.mtsomnii.de\/w7\/wp-json\/wp\/v2\/types\/post"}],"author":[{"embeddable":true,"href":"http:\/\/cms.mtsomnii.de\/w7\/wp-json\/wp\/v2\/users\/5"}],"replies":[{"embeddable":true,"href":"http:\/\/cms.mtsomnii.de\/w7\/wp-json\/wp\/v2\/comments?post=14700"}],"version-history":[{"count":0,"href":"http:\/\/cms.mtsomnii.de\/w7\/wp-json\/wp\/v2\/posts\/14700\/revisions"}],"wp:attachment":[{"href":"http:\/\/cms.mtsomnii.de\/w7\/wp-json\/wp\/v2\/media?parent=14700"}],"wp:term":[{"taxonomy":"category","embeddable":true,"href":"http:\/\/cms.mtsomnii.de\/w7\/wp-json\/wp\/v2\/categories?post=14700"},{"taxonomy":"post_tag","embeddable":true,"href":"http:\/\/cms.mtsomnii.de\/w7\/wp-json\/wp\/v2\/tags?post=14700"}],"curies":[{"name":"wp","href":"https:\/\/api.w.org\/{rel}","templated":true}]}}