{"id":14702,"date":"2023-04-21T19:00:00","date_gmt":"2023-04-21T17:00:00","guid":{"rendered":"http:\/\/cms.mtsomnii.de\/w7\/merkur-de-gap\/beuting-aendert-eigenmaechtig-beschluss-92226868-html-14702\/"},"modified":"2023-04-21T19:00:00","modified_gmt":"2023-04-21T17:00:00","slug":"beuting-aendert-eigenmaechtig-beschluss-92226868-html","status":"publish","type":"post","link":"http:\/\/cms.mtsomnii.de\/w7\/merkur-de-gap\/beuting-aendert-eigenmaechtig-beschluss-92226868-html-14702\/","title":{"rendered":"Beuting \u00e4ndert eigenm\u00e4chtig Beschluss"},"content":{"rendered":"<div>Murnaus B\u00fcrgermeister Rolf Beuting zieht wieder einmal m\u00e4chtig Kritik auf sich. Einen Beschluss zur Fachkr\u00e4fteoffensive Kinderbetreuung hat er am Gemeinderat vorbei ge\u00e4ndert und ihn im Marktboten publiziert \u2013 ohne die Kommunalpolitiker dar\u00fcber zu informieren.<\/div>\n","protected":false},"excerpt":{"rendered":"<p>Murnaus B\u00fcrgermeister Rolf Beuting zieht wieder einmal m\u00e4chtig Kritik auf sich. Einen Beschluss zur Fachkr\u00e4fteoffensive Kinderbetreuung hat er am Gemeinderat vorbei ge\u00e4ndert und ihn im Marktboten publiziert \u2013 ohne die Kommunalpolitiker dar\u00fcber zu informieren.<\/p>\n","protected":false},"author":5,"featured_media":0,"comment_status":"closed","ping_status":"open","sticky":false,"template":"","format":"standard","meta":[],"categories":[5],"tags":[],"_links":{"self":[{"href":"http:\/\/cms.mtsomnii.de\/w7\/wp-json\/wp\/v2\/posts\/14702"}],"collection":[{"href":"http:\/\/cms.mtsomnii.de\/w7\/wp-json\/wp\/v2\/posts"}],"about":[{"href":"http:\/\/cms.mtsomnii.de\/w7\/wp-json\/wp\/v2\/types\/post"}],"author":[{"embeddable":true,"href":"http:\/\/cms.mtsomnii.de\/w7\/wp-json\/wp\/v2\/users\/5"}],"replies":[{"embeddable":true,"href":"http:\/\/cms.mtsomnii.de\/w7\/wp-json\/wp\/v2\/comments?post=14702"}],"version-history":[{"count":0,"href":"http:\/\/cms.mtsomnii.de\/w7\/wp-json\/wp\/v2\/posts\/14702\/revisions"}],"wp:attachment":[{"href":"http:\/\/cms.mtsomnii.de\/w7\/wp-json\/wp\/v2\/media?parent=14702"}],"wp:term":[{"taxonomy":"category","embeddable":true,"href":"http:\/\/cms.mtsomnii.de\/w7\/wp-json\/wp\/v2\/categories?post=14702"},{"taxonomy":"post_tag","embeddable":true,"href":"http:\/\/cms.mtsomnii.de\/w7\/wp-json\/wp\/v2\/tags?post=14702"}],"curies":[{"name":"wp","href":"https:\/\/api.w.org\/{rel}","templated":true}]}}