{"id":14715,"date":"2023-04-24T07:21:25","date_gmt":"2023-04-24T05:21:25","guid":{"rendered":"http:\/\/cms.mtsomnii.de\/w7\/merkur-de-gap\/ins-ausland-statt-zur-schule-db-92226458-html-14715\/"},"modified":"2023-04-24T07:21:25","modified_gmt":"2023-04-24T05:21:25","slug":"ins-ausland-statt-zur-schule-db-92226458-html","status":"publish","type":"post","link":"http:\/\/cms.mtsomnii.de\/w7\/merkur-de-gap\/ins-ausland-statt-zur-schule-db-92226458-html-14715\/","title":{"rendered":"Bus auf Irrfahrt: Kinder landen statt in der Schule im Ausland \u2013 DB spricht von Missverst\u00e4ndnis"},"content":{"rendered":"<div>Die Deutsche Bahn spricht von einem Missverst\u00e4ndnis. Fakt ist: Elf Sch\u00fcler aus Mittenwald werden vom Busfahrer nicht zur Schule gebracht, sondern sitzen pl\u00f6tzlich im Schnee im Tiroler Nachbarort Scharnitz fest.<\/div>\n","protected":false},"excerpt":{"rendered":"<p>Die Deutsche Bahn spricht von einem Missverst\u00e4ndnis. Fakt ist: Elf Sch\u00fcler aus Mittenwald werden vom Busfahrer nicht zur Schule gebracht, sondern sitzen pl\u00f6tzlich im Schnee im Tiroler Nachbarort Scharnitz fest.<\/p>\n","protected":false},"author":5,"featured_media":0,"comment_status":"closed","ping_status":"open","sticky":false,"template":"","format":"standard","meta":[],"categories":[5],"tags":[],"_links":{"self":[{"href":"http:\/\/cms.mtsomnii.de\/w7\/wp-json\/wp\/v2\/posts\/14715"}],"collection":[{"href":"http:\/\/cms.mtsomnii.de\/w7\/wp-json\/wp\/v2\/posts"}],"about":[{"href":"http:\/\/cms.mtsomnii.de\/w7\/wp-json\/wp\/v2\/types\/post"}],"author":[{"embeddable":true,"href":"http:\/\/cms.mtsomnii.de\/w7\/wp-json\/wp\/v2\/users\/5"}],"replies":[{"embeddable":true,"href":"http:\/\/cms.mtsomnii.de\/w7\/wp-json\/wp\/v2\/comments?post=14715"}],"version-history":[{"count":0,"href":"http:\/\/cms.mtsomnii.de\/w7\/wp-json\/wp\/v2\/posts\/14715\/revisions"}],"wp:attachment":[{"href":"http:\/\/cms.mtsomnii.de\/w7\/wp-json\/wp\/v2\/media?parent=14715"}],"wp:term":[{"taxonomy":"category","embeddable":true,"href":"http:\/\/cms.mtsomnii.de\/w7\/wp-json\/wp\/v2\/categories?post=14715"},{"taxonomy":"post_tag","embeddable":true,"href":"http:\/\/cms.mtsomnii.de\/w7\/wp-json\/wp\/v2\/tags?post=14715"}],"curies":[{"name":"wp","href":"https:\/\/api.w.org\/{rel}","templated":true}]}}