{"id":14718,"date":"2023-04-24T15:24:39","date_gmt":"2023-04-24T13:24:39","guid":{"rendered":"http:\/\/cms.mtsomnii.de\/w7\/merkur-de-gap\/unfall-beim-abbiegen-78-jaehriger-uebersieht-motorradfahrer-92232446-html-14718\/"},"modified":"2023-04-24T15:24:39","modified_gmt":"2023-04-24T13:24:39","slug":"unfall-beim-abbiegen-78-jaehriger-uebersieht-motorradfahrer-92232446-html","status":"publish","type":"post","link":"http:\/\/cms.mtsomnii.de\/w7\/merkur-de-gap\/unfall-beim-abbiegen-78-jaehriger-uebersieht-motorradfahrer-92232446-html-14718\/","title":{"rendered":"Unfall beim Abbiegen: 78-J\u00e4hriger \u00fcbersieht Motorradfahrer"},"content":{"rendered":"<div>Ab ins Krankenhaus: Bei einem Verkehrsunfall hat sich ein 18-J\u00e4hriger aus Bad Kohlgrub verletzt. Er war mit seinem Motorrad gest\u00fcrzt, nachdem ihm ein Mann aus Berg die Vorfahrt genommen hatte.<\/div>\n","protected":false},"excerpt":{"rendered":"<p>Ab ins Krankenhaus: Bei einem Verkehrsunfall hat sich ein 18-J\u00e4hriger aus Bad Kohlgrub verletzt. Er war mit seinem Motorrad gest\u00fcrzt, nachdem ihm ein Mann aus Berg die Vorfahrt genommen hatte.<\/p>\n","protected":false},"author":5,"featured_media":0,"comment_status":"closed","ping_status":"open","sticky":false,"template":"","format":"standard","meta":[],"categories":[5],"tags":[],"_links":{"self":[{"href":"http:\/\/cms.mtsomnii.de\/w7\/wp-json\/wp\/v2\/posts\/14718"}],"collection":[{"href":"http:\/\/cms.mtsomnii.de\/w7\/wp-json\/wp\/v2\/posts"}],"about":[{"href":"http:\/\/cms.mtsomnii.de\/w7\/wp-json\/wp\/v2\/types\/post"}],"author":[{"embeddable":true,"href":"http:\/\/cms.mtsomnii.de\/w7\/wp-json\/wp\/v2\/users\/5"}],"replies":[{"embeddable":true,"href":"http:\/\/cms.mtsomnii.de\/w7\/wp-json\/wp\/v2\/comments?post=14718"}],"version-history":[{"count":0,"href":"http:\/\/cms.mtsomnii.de\/w7\/wp-json\/wp\/v2\/posts\/14718\/revisions"}],"wp:attachment":[{"href":"http:\/\/cms.mtsomnii.de\/w7\/wp-json\/wp\/v2\/media?parent=14718"}],"wp:term":[{"taxonomy":"category","embeddable":true,"href":"http:\/\/cms.mtsomnii.de\/w7\/wp-json\/wp\/v2\/categories?post=14718"},{"taxonomy":"post_tag","embeddable":true,"href":"http:\/\/cms.mtsomnii.de\/w7\/wp-json\/wp\/v2\/tags?post=14718"}],"curies":[{"name":"wp","href":"https:\/\/api.w.org\/{rel}","templated":true}]}}