{"id":14720,"date":"2023-04-24T17:45:04","date_gmt":"2023-04-24T15:45:04","guid":{"rendered":"http:\/\/cms.mtsomnii.de\/w7\/merkur-de-gap\/bike-fahrer-faehrt-falsch-auf-bundesstrasse-auto-erfasst-ihn-92233064-html-14720\/"},"modified":"2023-04-24T17:45:04","modified_gmt":"2023-04-24T15:45:04","slug":"bike-fahrer-faehrt-falsch-auf-bundesstrasse-auto-erfasst-ihn-92233064-html","status":"publish","type":"post","link":"http:\/\/cms.mtsomnii.de\/w7\/merkur-de-gap\/bike-fahrer-faehrt-falsch-auf-bundesstrasse-auto-erfasst-ihn-92233064-html-14720\/","title":{"rendered":"E-Bike-Fahrer f\u00e4hrt falsch auf Bundesstra\u00dfe &#8211; Auto erfasst ihn"},"content":{"rendered":"<div>Ein E-Bike-Fahrer ist entgegen der vorgeschriebenen Richtung auf der Bundesstra\u00dfe 2 bei Kr\u00fcn unterwegs gewesen. Als der 76-J\u00e4hrige dann noch versuchte, die Fahrbahnseite zu wechseln, erfasste ihn ein Auto.<\/div>\n","protected":false},"excerpt":{"rendered":"<p>Ein E-Bike-Fahrer ist entgegen der vorgeschriebenen Richtung auf der Bundesstra\u00dfe 2 bei Kr\u00fcn unterwegs gewesen. Als der 76-J\u00e4hrige dann noch versuchte, die Fahrbahnseite zu wechseln, erfasste ihn ein Auto.<\/p>\n","protected":false},"author":5,"featured_media":0,"comment_status":"closed","ping_status":"open","sticky":false,"template":"","format":"standard","meta":[],"categories":[5],"tags":[],"_links":{"self":[{"href":"http:\/\/cms.mtsomnii.de\/w7\/wp-json\/wp\/v2\/posts\/14720"}],"collection":[{"href":"http:\/\/cms.mtsomnii.de\/w7\/wp-json\/wp\/v2\/posts"}],"about":[{"href":"http:\/\/cms.mtsomnii.de\/w7\/wp-json\/wp\/v2\/types\/post"}],"author":[{"embeddable":true,"href":"http:\/\/cms.mtsomnii.de\/w7\/wp-json\/wp\/v2\/users\/5"}],"replies":[{"embeddable":true,"href":"http:\/\/cms.mtsomnii.de\/w7\/wp-json\/wp\/v2\/comments?post=14720"}],"version-history":[{"count":0,"href":"http:\/\/cms.mtsomnii.de\/w7\/wp-json\/wp\/v2\/posts\/14720\/revisions"}],"wp:attachment":[{"href":"http:\/\/cms.mtsomnii.de\/w7\/wp-json\/wp\/v2\/media?parent=14720"}],"wp:term":[{"taxonomy":"category","embeddable":true,"href":"http:\/\/cms.mtsomnii.de\/w7\/wp-json\/wp\/v2\/categories?post=14720"},{"taxonomy":"post_tag","embeddable":true,"href":"http:\/\/cms.mtsomnii.de\/w7\/wp-json\/wp\/v2\/tags?post=14720"}],"curies":[{"name":"wp","href":"https:\/\/api.w.org\/{rel}","templated":true}]}}