{"id":14727,"date":"2023-04-25T15:28:12","date_gmt":"2023-04-25T13:28:12","guid":{"rendered":"http:\/\/cms.mtsomnii.de\/w7\/merkur-de-gap\/unfall-bahnuebergang-eschenlohe-zusammenstoss-auto-regionalbahn-92234876-html-14727\/"},"modified":"2023-04-25T15:28:12","modified_gmt":"2023-04-25T13:28:12","slug":"unfall-bahnuebergang-eschenlohe-zusammenstoss-auto-regionalbahn-92234876-html","status":"publish","type":"post","link":"http:\/\/cms.mtsomnii.de\/w7\/merkur-de-gap\/unfall-bahnuebergang-eschenlohe-zusammenstoss-auto-regionalbahn-92234876-html-14727\/","title":{"rendered":"18-J\u00e4hriger umf\u00e4hrt geschlossene Schranke: Schwerer Unfall am Bahn\u00fcbergang in Eschenlohe"},"content":{"rendered":"<div>Trotz bereits geschlossener Schranken und Warnlicht hat ein 18-J\u00e4hriger am Montagabend einen Bahn\u00fcbergang in Eschenlohe queren wollen. Ein Zug erfasste ihn mit voller Wucht.<\/div>\n","protected":false},"excerpt":{"rendered":"<p>Trotz bereits geschlossener Schranken und Warnlicht hat ein 18-J\u00e4hriger am Montagabend einen Bahn\u00fcbergang in Eschenlohe queren wollen. Ein Zug erfasste ihn mit voller Wucht.<\/p>\n","protected":false},"author":5,"featured_media":0,"comment_status":"closed","ping_status":"open","sticky":false,"template":"","format":"standard","meta":[],"categories":[5],"tags":[],"_links":{"self":[{"href":"http:\/\/cms.mtsomnii.de\/w7\/wp-json\/wp\/v2\/posts\/14727"}],"collection":[{"href":"http:\/\/cms.mtsomnii.de\/w7\/wp-json\/wp\/v2\/posts"}],"about":[{"href":"http:\/\/cms.mtsomnii.de\/w7\/wp-json\/wp\/v2\/types\/post"}],"author":[{"embeddable":true,"href":"http:\/\/cms.mtsomnii.de\/w7\/wp-json\/wp\/v2\/users\/5"}],"replies":[{"embeddable":true,"href":"http:\/\/cms.mtsomnii.de\/w7\/wp-json\/wp\/v2\/comments?post=14727"}],"version-history":[{"count":0,"href":"http:\/\/cms.mtsomnii.de\/w7\/wp-json\/wp\/v2\/posts\/14727\/revisions"}],"wp:attachment":[{"href":"http:\/\/cms.mtsomnii.de\/w7\/wp-json\/wp\/v2\/media?parent=14727"}],"wp:term":[{"taxonomy":"category","embeddable":true,"href":"http:\/\/cms.mtsomnii.de\/w7\/wp-json\/wp\/v2\/categories?post=14727"},{"taxonomy":"post_tag","embeddable":true,"href":"http:\/\/cms.mtsomnii.de\/w7\/wp-json\/wp\/v2\/tags?post=14727"}],"curies":[{"name":"wp","href":"https:\/\/api.w.org\/{rel}","templated":true}]}}