{"id":14734,"date":"2023-04-26T15:26:29","date_gmt":"2023-04-26T13:26:29","guid":{"rendered":"http:\/\/cms.mtsomnii.de\/w7\/merkur-de-gap\/bei-ohlstadt-die-vorfahrt-genommen-an-beiden-pkw-totalschaden-92237317-html-14734\/"},"modified":"2023-04-26T15:26:29","modified_gmt":"2023-04-26T13:26:29","slug":"bei-ohlstadt-die-vorfahrt-genommen-an-beiden-pkw-totalschaden-92237317-html","status":"publish","type":"post","link":"http:\/\/cms.mtsomnii.de\/w7\/merkur-de-gap\/bei-ohlstadt-die-vorfahrt-genommen-an-beiden-pkw-totalschaden-92237317-html-14734\/","title":{"rendered":"Auf der B2 bei Ohlstadt die Vorfahrt genommen: Totalschaden an beiden Fahrzeugen"},"content":{"rendered":"<div>Zwei Pkw stie\u00dfen Mittwochmittag, 26. April, auf der B2 am Abzweig Ohlstadt, frontal ineinander. Die Lenker der beiden Fahrzeuge wurden dabei verletzt. Ein grauer VW Caddy, von Murnau kommend, wollte in Richtung Ohlstadt abbiegen. Aus derzeit noch ungekl\u00e4rter Ursache \u00fcbersah die Fahrerin dabei einen ihr entgegenkommenden wei\u00dfen Kleinwagen, der die B2 in Fahrtrichtung Murnau fuhr. Die Feuerwehr aus Ohlstadt r\u00fcckte aus, denn die Vollsperrung der B2 war unausweichlich. Tr\u00fcmmerteile verteilten sich auf allen Fahrspuren und Betriebsfl\u00fcssigkeit war aus beiden Wracks ausgetreten. Der Rettungsdienst versorgte die beiden Verletzten und transportierte sie in die umliegenden Krankenh\u00e4user. An beiden Unfallwagen entstand Totalschaden.\u00a0 db<\/div>\n","protected":false},"excerpt":{"rendered":"<p>Zwei Pkw stie\u00dfen Mittwochmittag, 26. April, auf der B2 am Abzweig Ohlstadt, frontal ineinander. Die Lenker der beiden Fahrzeuge wurden dabei verletzt. Ein grauer VW Caddy, von Murnau kommend, wollte in Richtung Ohlstadt abbiegen. Aus derzeit noch ungekl\u00e4rter Ursache \u00fcbersah die Fahrerin dabei einen ihr entgegenkommenden wei\u00dfen Kleinwagen, der die B2 in Fahrtrichtung Murnau fuhr. Die Feuerwehr aus Ohlstadt r\u00fcckte<\/p>\n","protected":false},"author":5,"featured_media":0,"comment_status":"closed","ping_status":"open","sticky":false,"template":"","format":"standard","meta":[],"categories":[5],"tags":[],"_links":{"self":[{"href":"http:\/\/cms.mtsomnii.de\/w7\/wp-json\/wp\/v2\/posts\/14734"}],"collection":[{"href":"http:\/\/cms.mtsomnii.de\/w7\/wp-json\/wp\/v2\/posts"}],"about":[{"href":"http:\/\/cms.mtsomnii.de\/w7\/wp-json\/wp\/v2\/types\/post"}],"author":[{"embeddable":true,"href":"http:\/\/cms.mtsomnii.de\/w7\/wp-json\/wp\/v2\/users\/5"}],"replies":[{"embeddable":true,"href":"http:\/\/cms.mtsomnii.de\/w7\/wp-json\/wp\/v2\/comments?post=14734"}],"version-history":[{"count":0,"href":"http:\/\/cms.mtsomnii.de\/w7\/wp-json\/wp\/v2\/posts\/14734\/revisions"}],"wp:attachment":[{"href":"http:\/\/cms.mtsomnii.de\/w7\/wp-json\/wp\/v2\/media?parent=14734"}],"wp:term":[{"taxonomy":"category","embeddable":true,"href":"http:\/\/cms.mtsomnii.de\/w7\/wp-json\/wp\/v2\/categories?post=14734"},{"taxonomy":"post_tag","embeddable":true,"href":"http:\/\/cms.mtsomnii.de\/w7\/wp-json\/wp\/v2\/tags?post=14734"}],"curies":[{"name":"wp","href":"https:\/\/api.w.org\/{rel}","templated":true}]}}