{"id":14742,"date":"2023-04-27T09:34:36","date_gmt":"2023-04-27T07:34:36","guid":{"rendered":"http:\/\/cms.mtsomnii.de\/w7\/kreisbote-gap\/toedlicher-verkehrsunfall-b2-bei-kruen-am-fruehen-donnerstagmorgen-92238822-html-2-14742\/"},"modified":"2023-04-27T09:34:36","modified_gmt":"2023-04-27T07:34:36","slug":"toedlicher-verkehrsunfall-b2-bei-kruen-am-fruehen-donnerstagmorgen-92238822-html-2","status":"publish","type":"post","link":"http:\/\/cms.mtsomnii.de\/w7\/kreisbote-gap\/toedlicher-verkehrsunfall-b2-bei-kruen-am-fruehen-donnerstagmorgen-92238822-html-2-14742\/","title":{"rendered":"T\u00f6dlicher Verkehrsunfall auf der B2 bei Kr\u00fcn am fr\u00fchen Donnerstagmorgen"},"content":{"rendered":"<div>Am fr\u00fchen Donnerstagmorgen, 27. April 2023, ereignete sich auf der B2 ein folgenschwerer Verkehrsunfall, bei dem eine Person t\u00f6dlich verletzt wurde. Die Polizeiinspektion Mittenwald hat unter Sachleitung der Staatsanwaltschaft M\u00fcnchen II die Ermittlungen zum Unfallhergang \u00fcbernommen.\u00a0<\/div>\n","protected":false},"excerpt":{"rendered":"<p>Am fr\u00fchen Donnerstagmorgen, 27. April 2023, ereignete sich auf der B2 ein folgenschwerer Verkehrsunfall, bei dem eine Person t\u00f6dlich verletzt wurde. Die Polizeiinspektion Mittenwald hat unter Sachleitung der Staatsanwaltschaft M\u00fcnchen II die Ermittlungen zum Unfallhergang \u00fcbernommen.\u00a0<\/p>\n","protected":false},"author":4,"featured_media":0,"comment_status":"closed","ping_status":"open","sticky":false,"template":"","format":"standard","meta":[],"categories":[2],"tags":[],"_links":{"self":[{"href":"http:\/\/cms.mtsomnii.de\/w7\/wp-json\/wp\/v2\/posts\/14742"}],"collection":[{"href":"http:\/\/cms.mtsomnii.de\/w7\/wp-json\/wp\/v2\/posts"}],"about":[{"href":"http:\/\/cms.mtsomnii.de\/w7\/wp-json\/wp\/v2\/types\/post"}],"author":[{"embeddable":true,"href":"http:\/\/cms.mtsomnii.de\/w7\/wp-json\/wp\/v2\/users\/4"}],"replies":[{"embeddable":true,"href":"http:\/\/cms.mtsomnii.de\/w7\/wp-json\/wp\/v2\/comments?post=14742"}],"version-history":[{"count":0,"href":"http:\/\/cms.mtsomnii.de\/w7\/wp-json\/wp\/v2\/posts\/14742\/revisions"}],"wp:attachment":[{"href":"http:\/\/cms.mtsomnii.de\/w7\/wp-json\/wp\/v2\/media?parent=14742"}],"wp:term":[{"taxonomy":"category","embeddable":true,"href":"http:\/\/cms.mtsomnii.de\/w7\/wp-json\/wp\/v2\/categories?post=14742"},{"taxonomy":"post_tag","embeddable":true,"href":"http:\/\/cms.mtsomnii.de\/w7\/wp-json\/wp\/v2\/tags?post=14742"}],"curies":[{"name":"wp","href":"https:\/\/api.w.org\/{rel}","templated":true}]}}