{"id":14762,"date":"2023-04-28T21:23:00","date_gmt":"2023-04-28T19:23:00","guid":{"rendered":"http:\/\/cms.mtsomnii.de\/w7\/merkur-de-gap\/turm-verschwindet-fuer-immer-92243827-html-14762\/"},"modified":"2023-04-28T21:23:00","modified_gmt":"2023-04-28T19:23:00","slug":"turm-verschwindet-fuer-immer-92243827-html","status":"publish","type":"post","link":"http:\/\/cms.mtsomnii.de\/w7\/merkur-de-gap\/turm-verschwindet-fuer-immer-92243827-html-14762\/","title":{"rendered":"Unterammergauer Turm verschwindet f\u00fcr immer: Termin f\u00fcr Abbau steht fest"},"content":{"rendered":"<div>Es ist ein endg\u00fcltiger Abschied: Christian Zott hat die Skulptur \u201eSichtung\u201c verkauft. Hintergrund war die neuerliche Ablehnung des Unterammergauer Gemeinderats, diese dauerhaft aufzustellen.<\/div>\n","protected":false},"excerpt":{"rendered":"<p>Es ist ein endg\u00fcltiger Abschied: Christian Zott hat die Skulptur \u201eSichtung\u201c verkauft. Hintergrund war die neuerliche Ablehnung des Unterammergauer Gemeinderats, diese dauerhaft aufzustellen.<\/p>\n","protected":false},"author":5,"featured_media":0,"comment_status":"closed","ping_status":"open","sticky":false,"template":"","format":"standard","meta":[],"categories":[5],"tags":[],"_links":{"self":[{"href":"http:\/\/cms.mtsomnii.de\/w7\/wp-json\/wp\/v2\/posts\/14762"}],"collection":[{"href":"http:\/\/cms.mtsomnii.de\/w7\/wp-json\/wp\/v2\/posts"}],"about":[{"href":"http:\/\/cms.mtsomnii.de\/w7\/wp-json\/wp\/v2\/types\/post"}],"author":[{"embeddable":true,"href":"http:\/\/cms.mtsomnii.de\/w7\/wp-json\/wp\/v2\/users\/5"}],"replies":[{"embeddable":true,"href":"http:\/\/cms.mtsomnii.de\/w7\/wp-json\/wp\/v2\/comments?post=14762"}],"version-history":[{"count":0,"href":"http:\/\/cms.mtsomnii.de\/w7\/wp-json\/wp\/v2\/posts\/14762\/revisions"}],"wp:attachment":[{"href":"http:\/\/cms.mtsomnii.de\/w7\/wp-json\/wp\/v2\/media?parent=14762"}],"wp:term":[{"taxonomy":"category","embeddable":true,"href":"http:\/\/cms.mtsomnii.de\/w7\/wp-json\/wp\/v2\/categories?post=14762"},{"taxonomy":"post_tag","embeddable":true,"href":"http:\/\/cms.mtsomnii.de\/w7\/wp-json\/wp\/v2\/tags?post=14762"}],"curies":[{"name":"wp","href":"https:\/\/api.w.org\/{rel}","templated":true}]}}