{"id":14776,"date":"2023-04-29T20:39:01","date_gmt":"2023-04-29T18:39:01","guid":{"rendered":"http:\/\/cms.mtsomnii.de\/w7\/merkur-de-gap\/toedlicher-unfall-bei-kruen-autofahrer-stirbt-nach-frontalen-zusammenstoss-92239137-html-6-14776\/"},"modified":"2023-04-29T20:39:01","modified_gmt":"2023-04-29T18:39:01","slug":"toedlicher-unfall-bei-kruen-autofahrer-stirbt-nach-frontalen-zusammenstoss-92239137-html-6","status":"publish","type":"post","link":"http:\/\/cms.mtsomnii.de\/w7\/merkur-de-gap\/toedlicher-unfall-bei-kruen-autofahrer-stirbt-nach-frontalen-zusammenstoss-92239137-html-6-14776\/","title":{"rendered":"T\u00f6dlicher Unfall bei Kr\u00fcn: Autofahrer stirbt nach Frontalzusammensto\u00df"},"content":{"rendered":"<div>F\u00fcr den Autofahrer kam jede Hilfe zu sp\u00e4t: In der Nacht auf Donnerstag starb ein Mann auf der Bundesstra\u00dfe 2 H\u00f6he Kr\u00fcn in seinem Kleintransporter, nachdem er frontal mit einem anderen Kleinlaster zusammengesto\u00dfen ist.<\/div>\n","protected":false},"excerpt":{"rendered":"<p>F\u00fcr den Autofahrer kam jede Hilfe zu sp\u00e4t: In der Nacht auf Donnerstag starb ein Mann auf der Bundesstra\u00dfe 2 H\u00f6he Kr\u00fcn in seinem Kleintransporter, nachdem er frontal mit einem anderen Kleinlaster zusammengesto\u00dfen ist.<\/p>\n","protected":false},"author":5,"featured_media":0,"comment_status":"closed","ping_status":"open","sticky":false,"template":"","format":"standard","meta":[],"categories":[5],"tags":[],"_links":{"self":[{"href":"http:\/\/cms.mtsomnii.de\/w7\/wp-json\/wp\/v2\/posts\/14776"}],"collection":[{"href":"http:\/\/cms.mtsomnii.de\/w7\/wp-json\/wp\/v2\/posts"}],"about":[{"href":"http:\/\/cms.mtsomnii.de\/w7\/wp-json\/wp\/v2\/types\/post"}],"author":[{"embeddable":true,"href":"http:\/\/cms.mtsomnii.de\/w7\/wp-json\/wp\/v2\/users\/5"}],"replies":[{"embeddable":true,"href":"http:\/\/cms.mtsomnii.de\/w7\/wp-json\/wp\/v2\/comments?post=14776"}],"version-history":[{"count":0,"href":"http:\/\/cms.mtsomnii.de\/w7\/wp-json\/wp\/v2\/posts\/14776\/revisions"}],"wp:attachment":[{"href":"http:\/\/cms.mtsomnii.de\/w7\/wp-json\/wp\/v2\/media?parent=14776"}],"wp:term":[{"taxonomy":"category","embeddable":true,"href":"http:\/\/cms.mtsomnii.de\/w7\/wp-json\/wp\/v2\/categories?post=14776"},{"taxonomy":"post_tag","embeddable":true,"href":"http:\/\/cms.mtsomnii.de\/w7\/wp-json\/wp\/v2\/tags?post=14776"}],"curies":[{"name":"wp","href":"https:\/\/api.w.org\/{rel}","templated":true}]}}