{"id":14793,"date":"2023-05-02T18:54:00","date_gmt":"2023-05-02T16:54:00","guid":{"rendered":"http:\/\/cms.mtsomnii.de\/w7\/merkur-de-gap\/linien-und-blaues-land-bus-fuer-murnau-92250434-html-14793\/"},"modified":"2023-05-02T18:54:00","modified_gmt":"2023-05-02T16:54:00","slug":"linien-und-blaues-land-bus-fuer-murnau-92250434-html","status":"publish","type":"post","link":"http:\/\/cms.mtsomnii.de\/w7\/merkur-de-gap\/linien-und-blaues-land-bus-fuer-murnau-92250434-html-14793\/","title":{"rendered":"Linien- und Blaues-Land-Bus f\u00fcr Murnau? Beuting soll mit Landkreis verhandeln"},"content":{"rendered":"<div>2024 soll der Blaues-Land-Bus als On-Demand-System im n\u00f6rdlichen Landkreis verkehren. Der Murnauer Gemeinderat hat diesem Vorhaben zugestimmt \u2013 allerdings unter Vorgaben. So w\u00fcnscht man sich, dass eine inner\u00f6rtliche Linie in dieses System integriert wird. Dar\u00fcber soll B\u00fcrgermeister Beuting mit dem Landkreis verhandeln.<\/div>\n","protected":false},"excerpt":{"rendered":"<p>2024 soll der Blaues-Land-Bus als On-Demand-System im n\u00f6rdlichen Landkreis verkehren. Der Murnauer Gemeinderat hat diesem Vorhaben zugestimmt \u2013 allerdings unter Vorgaben. So w\u00fcnscht man sich, dass eine inner\u00f6rtliche Linie in dieses System integriert wird. Dar\u00fcber soll B\u00fcrgermeister Beuting mit dem Landkreis verhandeln.<\/p>\n","protected":false},"author":5,"featured_media":0,"comment_status":"closed","ping_status":"open","sticky":false,"template":"","format":"standard","meta":[],"categories":[5],"tags":[],"_links":{"self":[{"href":"http:\/\/cms.mtsomnii.de\/w7\/wp-json\/wp\/v2\/posts\/14793"}],"collection":[{"href":"http:\/\/cms.mtsomnii.de\/w7\/wp-json\/wp\/v2\/posts"}],"about":[{"href":"http:\/\/cms.mtsomnii.de\/w7\/wp-json\/wp\/v2\/types\/post"}],"author":[{"embeddable":true,"href":"http:\/\/cms.mtsomnii.de\/w7\/wp-json\/wp\/v2\/users\/5"}],"replies":[{"embeddable":true,"href":"http:\/\/cms.mtsomnii.de\/w7\/wp-json\/wp\/v2\/comments?post=14793"}],"version-history":[{"count":0,"href":"http:\/\/cms.mtsomnii.de\/w7\/wp-json\/wp\/v2\/posts\/14793\/revisions"}],"wp:attachment":[{"href":"http:\/\/cms.mtsomnii.de\/w7\/wp-json\/wp\/v2\/media?parent=14793"}],"wp:term":[{"taxonomy":"category","embeddable":true,"href":"http:\/\/cms.mtsomnii.de\/w7\/wp-json\/wp\/v2\/categories?post=14793"},{"taxonomy":"post_tag","embeddable":true,"href":"http:\/\/cms.mtsomnii.de\/w7\/wp-json\/wp\/v2\/tags?post=14793"}],"curies":[{"name":"wp","href":"https:\/\/api.w.org\/{rel}","templated":true}]}}