{"id":14798,"date":"2023-05-03T23:38:00","date_gmt":"2023-05-03T21:38:00","guid":{"rendered":"http:\/\/cms.mtsomnii.de\/w7\/merkur-de-gap\/jetzt-wird-bad-kohlgrub-zum-musik-mekka-92113126-html-2-14798\/"},"modified":"2023-05-03T23:38:00","modified_gmt":"2023-05-03T21:38:00","slug":"jetzt-wird-bad-kohlgrub-zum-musik-mekka-92113126-html-2","status":"publish","type":"post","link":"http:\/\/cms.mtsomnii.de\/w7\/merkur-de-gap\/jetzt-wird-bad-kohlgrub-zum-musik-mekka-92113126-html-2-14798\/","title":{"rendered":"Festival im Kurpark: Jetzt wird Bad Kohlgrub zum Musik-Mekka &#8211; Oimera, K\u00fcmmert und Fenzel treten auf"},"content":{"rendered":"<div>Die Idee kam beim Moorheilbad-Jubil\u00e4um: In Bad Kohlgrub wird heuer ein ganzes Festival im Kurpark auf die Beine gestellt. Internationale K\u00fcnstler und regionaler Nachwuchs sollen im August auf der B\u00fchne stehen.<\/div>\n","protected":false},"excerpt":{"rendered":"<p>Die Idee kam beim Moorheilbad-Jubil\u00e4um: In Bad Kohlgrub wird heuer ein ganzes Festival im Kurpark auf die Beine gestellt. Internationale K\u00fcnstler und regionaler Nachwuchs sollen im August auf der B\u00fchne stehen.<\/p>\n","protected":false},"author":5,"featured_media":0,"comment_status":"closed","ping_status":"open","sticky":false,"template":"","format":"standard","meta":[],"categories":[5],"tags":[],"_links":{"self":[{"href":"http:\/\/cms.mtsomnii.de\/w7\/wp-json\/wp\/v2\/posts\/14798"}],"collection":[{"href":"http:\/\/cms.mtsomnii.de\/w7\/wp-json\/wp\/v2\/posts"}],"about":[{"href":"http:\/\/cms.mtsomnii.de\/w7\/wp-json\/wp\/v2\/types\/post"}],"author":[{"embeddable":true,"href":"http:\/\/cms.mtsomnii.de\/w7\/wp-json\/wp\/v2\/users\/5"}],"replies":[{"embeddable":true,"href":"http:\/\/cms.mtsomnii.de\/w7\/wp-json\/wp\/v2\/comments?post=14798"}],"version-history":[{"count":0,"href":"http:\/\/cms.mtsomnii.de\/w7\/wp-json\/wp\/v2\/posts\/14798\/revisions"}],"wp:attachment":[{"href":"http:\/\/cms.mtsomnii.de\/w7\/wp-json\/wp\/v2\/media?parent=14798"}],"wp:term":[{"taxonomy":"category","embeddable":true,"href":"http:\/\/cms.mtsomnii.de\/w7\/wp-json\/wp\/v2\/categories?post=14798"},{"taxonomy":"post_tag","embeddable":true,"href":"http:\/\/cms.mtsomnii.de\/w7\/wp-json\/wp\/v2\/tags?post=14798"}],"curies":[{"name":"wp","href":"https:\/\/api.w.org\/{rel}","templated":true}]}}