{"id":14805,"date":"2023-05-05T09:16:30","date_gmt":"2023-05-05T07:16:30","guid":{"rendered":"http:\/\/cms.mtsomnii.de\/w7\/merkur-de-gap\/plan-fuer-zweiten-mast-stoesst-in-ohlstadt-auf-widerstand-92256279-html-14805\/"},"modified":"2023-05-05T09:16:30","modified_gmt":"2023-05-05T07:16:30","slug":"plan-fuer-zweiten-mast-stoesst-in-ohlstadt-auf-widerstand-92256279-html","status":"publish","type":"post","link":"http:\/\/cms.mtsomnii.de\/w7\/merkur-de-gap\/plan-fuer-zweiten-mast-stoesst-in-ohlstadt-auf-widerstand-92256279-html-14805\/","title":{"rendered":"Plan f\u00fcr 30-Meter-Mast st\u00f6\u00dft auf Widerstand"},"content":{"rendered":"<div>\u00dcberhaupt nicht einverstanden ist der Ohlst\u00e4dter Gemeinderat mit dem Bauantrag der \u201eDeutschen Funkturm GmbH\u201c, einer Tochtergesellschaft der Deutschen Telekom, auf einem Gel\u00e4nde der Deutschen Bahn am Gewerbegebiet am Breitenweg einen 30 Meter hohen Mobilfunkmast mit zwei Plattformen zu errichten. In seiner Sitzung, die \u00fcber 20 Zuh\u00f6rer im Rathaussaal verfolgten, ist das Gremium der Empfehlung des Ohlst\u00e4dter Bauausschusses gefolgt und hat das Vorhaben einstimmig abgelehnt.<\/div>\n","protected":false},"excerpt":{"rendered":"<p>\u00dcberhaupt nicht einverstanden ist der Ohlst\u00e4dter Gemeinderat mit dem Bauantrag der \u201eDeutschen Funkturm GmbH\u201c, einer Tochtergesellschaft der Deutschen Telekom, auf einem Gel\u00e4nde der Deutschen Bahn am Gewerbegebiet am Breitenweg einen 30 Meter hohen Mobilfunkmast mit zwei Plattformen zu errichten. In seiner Sitzung, die \u00fcber 20 Zuh\u00f6rer im Rathaussaal verfolgten, ist das Gremium der Empfehlung des Ohlst\u00e4dter Bauausschusses gefolgt und hat<\/p>\n","protected":false},"author":5,"featured_media":0,"comment_status":"closed","ping_status":"open","sticky":false,"template":"","format":"standard","meta":[],"categories":[5],"tags":[],"_links":{"self":[{"href":"http:\/\/cms.mtsomnii.de\/w7\/wp-json\/wp\/v2\/posts\/14805"}],"collection":[{"href":"http:\/\/cms.mtsomnii.de\/w7\/wp-json\/wp\/v2\/posts"}],"about":[{"href":"http:\/\/cms.mtsomnii.de\/w7\/wp-json\/wp\/v2\/types\/post"}],"author":[{"embeddable":true,"href":"http:\/\/cms.mtsomnii.de\/w7\/wp-json\/wp\/v2\/users\/5"}],"replies":[{"embeddable":true,"href":"http:\/\/cms.mtsomnii.de\/w7\/wp-json\/wp\/v2\/comments?post=14805"}],"version-history":[{"count":0,"href":"http:\/\/cms.mtsomnii.de\/w7\/wp-json\/wp\/v2\/posts\/14805\/revisions"}],"wp:attachment":[{"href":"http:\/\/cms.mtsomnii.de\/w7\/wp-json\/wp\/v2\/media?parent=14805"}],"wp:term":[{"taxonomy":"category","embeddable":true,"href":"http:\/\/cms.mtsomnii.de\/w7\/wp-json\/wp\/v2\/categories?post=14805"},{"taxonomy":"post_tag","embeddable":true,"href":"http:\/\/cms.mtsomnii.de\/w7\/wp-json\/wp\/v2\/tags?post=14805"}],"curies":[{"name":"wp","href":"https:\/\/api.w.org\/{rel}","templated":true}]}}