{"id":14813,"date":"2023-05-04T15:00:00","date_gmt":"2023-05-04T13:00:00","guid":{"rendered":"http:\/\/cms.mtsomnii.de\/w7\/merkur-de-gap\/neues-selbstgefuehl-durch-die-arbeit-92254397-html-2-14813\/"},"modified":"2023-05-04T15:00:00","modified_gmt":"2023-05-04T13:00:00","slug":"neues-selbstgefuehl-durch-die-arbeit-92254397-html-2","status":"publish","type":"post","link":"http:\/\/cms.mtsomnii.de\/w7\/merkur-de-gap\/neues-selbstgefuehl-durch-die-arbeit-92254397-html-2-14813\/","title":{"rendered":"Neues Selbstwertgef\u00fchl durch die Arbeit: Werdenfelser Werkst\u00e4tten feiern 50-j\u00e4hriges Bestehen"},"content":{"rendered":"<div>Den Anfang machten die Schreiner. Mit drei Mitarbeitern nahm die \u201ebesch\u00fctzende Werkstatt f\u00fcr Behinderte\u201c vor 50 Jahren ihren Betrieb auf. Mittlerweile arbeiten 178 in den verschiedenen Abteilungen der Werdenfelser Werkst\u00e4tten. Der runde Geburtstag wird am 6. Mai mit einem Tag der offenen T\u00fcr geb\u00fchrend gefeiert.<\/div>\n","protected":false},"excerpt":{"rendered":"<p>Den Anfang machten die Schreiner. Mit drei Mitarbeitern nahm die \u201ebesch\u00fctzende Werkstatt f\u00fcr Behinderte\u201c vor 50 Jahren ihren Betrieb auf. Mittlerweile arbeiten 178 in den verschiedenen Abteilungen der Werdenfelser Werkst\u00e4tten. Der runde Geburtstag wird am 6. Mai mit einem Tag der offenen T\u00fcr geb\u00fchrend gefeiert.<\/p>\n","protected":false},"author":5,"featured_media":0,"comment_status":"closed","ping_status":"open","sticky":false,"template":"","format":"standard","meta":[],"categories":[5],"tags":[],"_links":{"self":[{"href":"http:\/\/cms.mtsomnii.de\/w7\/wp-json\/wp\/v2\/posts\/14813"}],"collection":[{"href":"http:\/\/cms.mtsomnii.de\/w7\/wp-json\/wp\/v2\/posts"}],"about":[{"href":"http:\/\/cms.mtsomnii.de\/w7\/wp-json\/wp\/v2\/types\/post"}],"author":[{"embeddable":true,"href":"http:\/\/cms.mtsomnii.de\/w7\/wp-json\/wp\/v2\/users\/5"}],"replies":[{"embeddable":true,"href":"http:\/\/cms.mtsomnii.de\/w7\/wp-json\/wp\/v2\/comments?post=14813"}],"version-history":[{"count":0,"href":"http:\/\/cms.mtsomnii.de\/w7\/wp-json\/wp\/v2\/posts\/14813\/revisions"}],"wp:attachment":[{"href":"http:\/\/cms.mtsomnii.de\/w7\/wp-json\/wp\/v2\/media?parent=14813"}],"wp:term":[{"taxonomy":"category","embeddable":true,"href":"http:\/\/cms.mtsomnii.de\/w7\/wp-json\/wp\/v2\/categories?post=14813"},{"taxonomy":"post_tag","embeddable":true,"href":"http:\/\/cms.mtsomnii.de\/w7\/wp-json\/wp\/v2\/tags?post=14813"}],"curies":[{"name":"wp","href":"https:\/\/api.w.org\/{rel}","templated":true}]}}