{"id":14822,"date":"2023-05-06T17:57:00","date_gmt":"2023-05-06T15:57:00","guid":{"rendered":"http:\/\/cms.mtsomnii.de\/w7\/merkur-de-gap\/verrat-von-interna-streit-eskaliert-92258014-html-14822\/"},"modified":"2023-05-06T17:57:00","modified_gmt":"2023-05-06T15:57:00","slug":"verrat-von-interna-streit-eskaliert-92258014-html","status":"publish","type":"post","link":"http:\/\/cms.mtsomnii.de\/w7\/merkur-de-gap\/verrat-von-interna-streit-eskaliert-92258014-html-14822\/","title":{"rendered":"Ausplaudern von Interna: Streit im Gemeinderat eskaliert"},"content":{"rendered":"<div>Im Murnauer Gemeinderat geht es gern mal rund. Das ist bekannt. Am Donnerstag kam es zum Eklat. Der Streit drehte sich erneut darum, dass Vertrauliches nach au\u00dfen gedrungen ist. Verd\u00e4chtigt wurde das \u00d6DP\/B\u00fcrgerforum. Die Fraktion wies die Vorw\u00fcrfe emp\u00f6rt zur\u00fcck.<\/div>\n","protected":false},"excerpt":{"rendered":"<p>Im Murnauer Gemeinderat geht es gern mal rund. Das ist bekannt. Am Donnerstag kam es zum Eklat. Der Streit drehte sich erneut darum, dass Vertrauliches nach au\u00dfen gedrungen ist. Verd\u00e4chtigt wurde das \u00d6DP\/B\u00fcrgerforum. Die Fraktion wies die Vorw\u00fcrfe emp\u00f6rt zur\u00fcck.<\/p>\n","protected":false},"author":5,"featured_media":0,"comment_status":"closed","ping_status":"open","sticky":false,"template":"","format":"standard","meta":[],"categories":[5],"tags":[],"_links":{"self":[{"href":"http:\/\/cms.mtsomnii.de\/w7\/wp-json\/wp\/v2\/posts\/14822"}],"collection":[{"href":"http:\/\/cms.mtsomnii.de\/w7\/wp-json\/wp\/v2\/posts"}],"about":[{"href":"http:\/\/cms.mtsomnii.de\/w7\/wp-json\/wp\/v2\/types\/post"}],"author":[{"embeddable":true,"href":"http:\/\/cms.mtsomnii.de\/w7\/wp-json\/wp\/v2\/users\/5"}],"replies":[{"embeddable":true,"href":"http:\/\/cms.mtsomnii.de\/w7\/wp-json\/wp\/v2\/comments?post=14822"}],"version-history":[{"count":0,"href":"http:\/\/cms.mtsomnii.de\/w7\/wp-json\/wp\/v2\/posts\/14822\/revisions"}],"wp:attachment":[{"href":"http:\/\/cms.mtsomnii.de\/w7\/wp-json\/wp\/v2\/media?parent=14822"}],"wp:term":[{"taxonomy":"category","embeddable":true,"href":"http:\/\/cms.mtsomnii.de\/w7\/wp-json\/wp\/v2\/categories?post=14822"},{"taxonomy":"post_tag","embeddable":true,"href":"http:\/\/cms.mtsomnii.de\/w7\/wp-json\/wp\/v2\/tags?post=14822"}],"curies":[{"name":"wp","href":"https:\/\/api.w.org\/{rel}","templated":true}]}}