{"id":14963,"date":"2023-05-25T06:34:00","date_gmt":"2023-05-25T04:34:00","guid":{"rendered":"http:\/\/cms.mtsomnii.de\/w7\/merkur-de-gap\/volksfest-utzschneider-fordert-aufklaerung-92300280-html-14963\/"},"modified":"2023-05-25T06:34:00","modified_gmt":"2023-05-25T04:34:00","slug":"volksfest-utzschneider-fordert-aufklaerung-92300280-html","status":"publish","type":"post","link":"http:\/\/cms.mtsomnii.de\/w7\/merkur-de-gap\/volksfest-utzschneider-fordert-aufklaerung-92300280-html-14963\/","title":{"rendered":"Volksfest: Utzschneider fordert Aufkl\u00e4rung von Beuting &#8211; Entscheidung der Gemeinde laut Gericht \u201eevident rechtswidrig\u201c"},"content":{"rendered":"<div>Die Causa Volksfest bewegt die Gem\u00fcter: CSU-Gemeinderat Rudolf Utzschneider hat jetzt einen Dringlichkeitsantrag f\u00fcr die n\u00e4chste Sitzung eingereicht. Diese findet heute Abend statt.<\/div>\n","protected":false},"excerpt":{"rendered":"<p>Die Causa Volksfest bewegt die Gem\u00fcter: CSU-Gemeinderat Rudolf Utzschneider hat jetzt einen Dringlichkeitsantrag f\u00fcr die n\u00e4chste Sitzung eingereicht. Diese findet heute Abend statt.<\/p>\n","protected":false},"author":5,"featured_media":0,"comment_status":"closed","ping_status":"open","sticky":false,"template":"","format":"standard","meta":[],"categories":[5],"tags":[],"_links":{"self":[{"href":"http:\/\/cms.mtsomnii.de\/w7\/wp-json\/wp\/v2\/posts\/14963"}],"collection":[{"href":"http:\/\/cms.mtsomnii.de\/w7\/wp-json\/wp\/v2\/posts"}],"about":[{"href":"http:\/\/cms.mtsomnii.de\/w7\/wp-json\/wp\/v2\/types\/post"}],"author":[{"embeddable":true,"href":"http:\/\/cms.mtsomnii.de\/w7\/wp-json\/wp\/v2\/users\/5"}],"replies":[{"embeddable":true,"href":"http:\/\/cms.mtsomnii.de\/w7\/wp-json\/wp\/v2\/comments?post=14963"}],"version-history":[{"count":0,"href":"http:\/\/cms.mtsomnii.de\/w7\/wp-json\/wp\/v2\/posts\/14963\/revisions"}],"wp:attachment":[{"href":"http:\/\/cms.mtsomnii.de\/w7\/wp-json\/wp\/v2\/media?parent=14963"}],"wp:term":[{"taxonomy":"category","embeddable":true,"href":"http:\/\/cms.mtsomnii.de\/w7\/wp-json\/wp\/v2\/categories?post=14963"},{"taxonomy":"post_tag","embeddable":true,"href":"http:\/\/cms.mtsomnii.de\/w7\/wp-json\/wp\/v2\/tags?post=14963"}],"curies":[{"name":"wp","href":"https:\/\/api.w.org\/{rel}","templated":true}]}}