{"id":14981,"date":"2023-05-26T17:00:00","date_gmt":"2023-05-26T15:00:00","guid":{"rendered":"http:\/\/cms.mtsomnii.de\/w7\/merkur-de-gap\/bald-echtes-garmischer-bier-brauereistart-im-juni-gaststaette-folgt-92303829-html-2-14981\/"},"modified":"2023-05-26T17:00:00","modified_gmt":"2023-05-26T15:00:00","slug":"bald-echtes-garmischer-bier-brauereistart-im-juni-gaststaette-folgt-92303829-html-2","status":"publish","type":"post","link":"http:\/\/cms.mtsomnii.de\/w7\/merkur-de-gap\/bald-echtes-garmischer-bier-brauereistart-im-juni-gaststaette-folgt-92303829-html-2-14981\/","title":{"rendered":"Ziel: Erstes Bier aus dem Brauhaus Garmisch Anfang Juli &#8211; und ein Sch\u00f6nheitsfehler wird behoben"},"content":{"rendered":"<div>Das Brauhaus Garmisch wird Realit\u00e4t: Anfang Juni wollen Antonius Huber und Alex M\u00fcller mit dem Betrieb der neuen Brauerei an der Brauhausstra\u00dfe starten. Die Gastst\u00e4tte soll im Juli er\u00f6ffnen.<\/div>\n","protected":false},"excerpt":{"rendered":"<p>Das Brauhaus Garmisch wird Realit\u00e4t: Anfang Juni wollen Antonius Huber und Alex M\u00fcller mit dem Betrieb der neuen Brauerei an der Brauhausstra\u00dfe starten. Die Gastst\u00e4tte soll im Juli er\u00f6ffnen.<\/p>\n","protected":false},"author":5,"featured_media":0,"comment_status":"closed","ping_status":"open","sticky":false,"template":"","format":"standard","meta":[],"categories":[5],"tags":[],"_links":{"self":[{"href":"http:\/\/cms.mtsomnii.de\/w7\/wp-json\/wp\/v2\/posts\/14981"}],"collection":[{"href":"http:\/\/cms.mtsomnii.de\/w7\/wp-json\/wp\/v2\/posts"}],"about":[{"href":"http:\/\/cms.mtsomnii.de\/w7\/wp-json\/wp\/v2\/types\/post"}],"author":[{"embeddable":true,"href":"http:\/\/cms.mtsomnii.de\/w7\/wp-json\/wp\/v2\/users\/5"}],"replies":[{"embeddable":true,"href":"http:\/\/cms.mtsomnii.de\/w7\/wp-json\/wp\/v2\/comments?post=14981"}],"version-history":[{"count":0,"href":"http:\/\/cms.mtsomnii.de\/w7\/wp-json\/wp\/v2\/posts\/14981\/revisions"}],"wp:attachment":[{"href":"http:\/\/cms.mtsomnii.de\/w7\/wp-json\/wp\/v2\/media?parent=14981"}],"wp:term":[{"taxonomy":"category","embeddable":true,"href":"http:\/\/cms.mtsomnii.de\/w7\/wp-json\/wp\/v2\/categories?post=14981"},{"taxonomy":"post_tag","embeddable":true,"href":"http:\/\/cms.mtsomnii.de\/w7\/wp-json\/wp\/v2\/tags?post=14981"}],"curies":[{"name":"wp","href":"https:\/\/api.w.org\/{rel}","templated":true}]}}