{"id":14983,"date":"2023-05-27T06:30:00","date_gmt":"2023-05-27T04:30:00","guid":{"rendered":"http:\/\/cms.mtsomnii.de\/w7\/merkur-de-gap\/vier-wochen-ampel-an-der-klammstrasse-in-garmisch-partenkirchen-92305748-html-14983\/"},"modified":"2023-05-27T06:30:00","modified_gmt":"2023-05-27T04:30:00","slug":"vier-wochen-ampel-an-der-klammstrasse-in-garmisch-partenkirchen-92305748-html","status":"publish","type":"post","link":"http:\/\/cms.mtsomnii.de\/w7\/merkur-de-gap\/vier-wochen-ampel-an-der-klammstrasse-in-garmisch-partenkirchen-92305748-html-14983\/","title":{"rendered":"Decken-Instandsetzung: F\u00fcr vier Wochen Ampel an der Klammstra\u00dfe"},"content":{"rendered":"<div>Die Gerinne-Sanierung des Laingrabens im Garmischer Zentrum geht in die hei\u00dfe Phase. Die Bauabschnitte zwei und drei stehen an. Nun geht es an eine Engstelle &#8211; verbunden mit gr\u00f6\u00dferen Verkehrsbehinderungen.<\/div>\n","protected":false},"excerpt":{"rendered":"<p>Die Gerinne-Sanierung des Laingrabens im Garmischer Zentrum geht in die hei\u00dfe Phase. Die Bauabschnitte zwei und drei stehen an. Nun geht es an eine Engstelle &#8211; verbunden mit gr\u00f6\u00dferen Verkehrsbehinderungen.<\/p>\n","protected":false},"author":5,"featured_media":0,"comment_status":"closed","ping_status":"open","sticky":false,"template":"","format":"standard","meta":[],"categories":[5],"tags":[],"_links":{"self":[{"href":"http:\/\/cms.mtsomnii.de\/w7\/wp-json\/wp\/v2\/posts\/14983"}],"collection":[{"href":"http:\/\/cms.mtsomnii.de\/w7\/wp-json\/wp\/v2\/posts"}],"about":[{"href":"http:\/\/cms.mtsomnii.de\/w7\/wp-json\/wp\/v2\/types\/post"}],"author":[{"embeddable":true,"href":"http:\/\/cms.mtsomnii.de\/w7\/wp-json\/wp\/v2\/users\/5"}],"replies":[{"embeddable":true,"href":"http:\/\/cms.mtsomnii.de\/w7\/wp-json\/wp\/v2\/comments?post=14983"}],"version-history":[{"count":0,"href":"http:\/\/cms.mtsomnii.de\/w7\/wp-json\/wp\/v2\/posts\/14983\/revisions"}],"wp:attachment":[{"href":"http:\/\/cms.mtsomnii.de\/w7\/wp-json\/wp\/v2\/media?parent=14983"}],"wp:term":[{"taxonomy":"category","embeddable":true,"href":"http:\/\/cms.mtsomnii.de\/w7\/wp-json\/wp\/v2\/categories?post=14983"},{"taxonomy":"post_tag","embeddable":true,"href":"http:\/\/cms.mtsomnii.de\/w7\/wp-json\/wp\/v2\/tags?post=14983"}],"curies":[{"name":"wp","href":"https:\/\/api.w.org\/{rel}","templated":true}]}}