{"id":14997,"date":"2023-05-28T07:00:00","date_gmt":"2023-05-28T05:00:00","guid":{"rendered":"http:\/\/cms.mtsomnii.de\/w7\/merkur-de-gap\/wanke-versus-werbegemeinschaft-es-rumort-vor-der-weissen-nacht-in-garmisch-92303890-html-2-14997\/"},"modified":"2023-05-28T07:00:00","modified_gmt":"2023-05-28T05:00:00","slug":"wanke-versus-werbegemeinschaft-es-rumort-vor-der-weissen-nacht-in-garmisch-92303890-html-2","status":"publish","type":"post","link":"http:\/\/cms.mtsomnii.de\/w7\/merkur-de-gap\/wanke-versus-werbegemeinschaft-es-rumort-vor-der-weissen-nacht-in-garmisch-92303890-html-2-14997\/","title":{"rendered":"Es rumort vor der Wei\u00dfen Nacht &#8211; Werbegemeinschaft: \u201eMarco Wanke wurde nicht geschasst\u201c"},"content":{"rendered":"<div>D\u00fcstere Wolken h\u00e4ngen \u00fcber der Wei\u00dfen Nacht in Garmisch-Partenkirchen: Der bisherige Organisator Marco Wanke teilt aus gegen die Werbegemeinschaft, er f\u00fchlt sich \u201eabges\u00e4gt\u201c. Was nicht stimmt, stellt die Gegenseite klar. Nun befassen sich auch Anw\u00e4lte mit dem Thema.<\/div>\n","protected":false},"excerpt":{"rendered":"<p>D\u00fcstere Wolken h\u00e4ngen \u00fcber der Wei\u00dfen Nacht in Garmisch-Partenkirchen: Der bisherige Organisator Marco Wanke teilt aus gegen die Werbegemeinschaft, er f\u00fchlt sich \u201eabges\u00e4gt\u201c. Was nicht stimmt, stellt die Gegenseite klar. Nun befassen sich auch Anw\u00e4lte mit dem Thema.<\/p>\n","protected":false},"author":5,"featured_media":0,"comment_status":"closed","ping_status":"open","sticky":false,"template":"","format":"standard","meta":[],"categories":[5],"tags":[],"_links":{"self":[{"href":"http:\/\/cms.mtsomnii.de\/w7\/wp-json\/wp\/v2\/posts\/14997"}],"collection":[{"href":"http:\/\/cms.mtsomnii.de\/w7\/wp-json\/wp\/v2\/posts"}],"about":[{"href":"http:\/\/cms.mtsomnii.de\/w7\/wp-json\/wp\/v2\/types\/post"}],"author":[{"embeddable":true,"href":"http:\/\/cms.mtsomnii.de\/w7\/wp-json\/wp\/v2\/users\/5"}],"replies":[{"embeddable":true,"href":"http:\/\/cms.mtsomnii.de\/w7\/wp-json\/wp\/v2\/comments?post=14997"}],"version-history":[{"count":0,"href":"http:\/\/cms.mtsomnii.de\/w7\/wp-json\/wp\/v2\/posts\/14997\/revisions"}],"wp:attachment":[{"href":"http:\/\/cms.mtsomnii.de\/w7\/wp-json\/wp\/v2\/media?parent=14997"}],"wp:term":[{"taxonomy":"category","embeddable":true,"href":"http:\/\/cms.mtsomnii.de\/w7\/wp-json\/wp\/v2\/categories?post=14997"},{"taxonomy":"post_tag","embeddable":true,"href":"http:\/\/cms.mtsomnii.de\/w7\/wp-json\/wp\/v2\/tags?post=14997"}],"curies":[{"name":"wp","href":"https:\/\/api.w.org\/{rel}","templated":true}]}}