{"id":15014,"date":"2023-05-31T05:17:35","date_gmt":"2023-05-31T03:17:35","guid":{"rendered":"http:\/\/cms.mtsomnii.de\/w7\/merkur-de-gap\/klettersteig-erschoepft-im-92309491-html-15014\/"},"modified":"2023-05-31T05:17:35","modified_gmt":"2023-05-31T03:17:35","slug":"klettersteig-erschoepft-im-92309491-html","status":"publish","type":"post","link":"http:\/\/cms.mtsomnii.de\/w7\/merkur-de-gap\/klettersteig-erschoepft-im-92309491-html-15014\/","title":{"rendered":"Schneeverh\u00e4ltnisse an der Zugspitze untersch\u00e4tzt: Bergsteiger ersch\u00f6pft aus Klettersteig geholt"},"content":{"rendered":"<div>Das sch\u00f6ne Wetter am Pfingst-Wochenende hat zahlreiche Ausfl\u00fcgler angelockt. Nicht alle hatten die winterlichen Verh\u00e4ltnisse in h\u00f6heren Lagen auf dem Schirm. Die Grainauer Bergretter mussten am Samstag eine Gruppe aus dem H\u00f6llental-Klettersteig holen. Fast parallel dazu halfen Kameraden, Kr\u00e4fte der Wasserwacht und die Hubschrauber-Mannschaft noch einer Frau am Eibsee.<\/div>\n","protected":false},"excerpt":{"rendered":"<p>Das sch\u00f6ne Wetter am Pfingst-Wochenende hat zahlreiche Ausfl\u00fcgler angelockt. Nicht alle hatten die winterlichen Verh\u00e4ltnisse in h\u00f6heren Lagen auf dem Schirm. Die Grainauer Bergretter mussten am Samstag eine Gruppe aus dem H\u00f6llental-Klettersteig holen. Fast parallel dazu halfen Kameraden, Kr\u00e4fte der Wasserwacht und die Hubschrauber-Mannschaft noch einer Frau am Eibsee.<\/p>\n","protected":false},"author":5,"featured_media":0,"comment_status":"closed","ping_status":"open","sticky":false,"template":"","format":"standard","meta":[],"categories":[5],"tags":[],"_links":{"self":[{"href":"http:\/\/cms.mtsomnii.de\/w7\/wp-json\/wp\/v2\/posts\/15014"}],"collection":[{"href":"http:\/\/cms.mtsomnii.de\/w7\/wp-json\/wp\/v2\/posts"}],"about":[{"href":"http:\/\/cms.mtsomnii.de\/w7\/wp-json\/wp\/v2\/types\/post"}],"author":[{"embeddable":true,"href":"http:\/\/cms.mtsomnii.de\/w7\/wp-json\/wp\/v2\/users\/5"}],"replies":[{"embeddable":true,"href":"http:\/\/cms.mtsomnii.de\/w7\/wp-json\/wp\/v2\/comments?post=15014"}],"version-history":[{"count":0,"href":"http:\/\/cms.mtsomnii.de\/w7\/wp-json\/wp\/v2\/posts\/15014\/revisions"}],"wp:attachment":[{"href":"http:\/\/cms.mtsomnii.de\/w7\/wp-json\/wp\/v2\/media?parent=15014"}],"wp:term":[{"taxonomy":"category","embeddable":true,"href":"http:\/\/cms.mtsomnii.de\/w7\/wp-json\/wp\/v2\/categories?post=15014"},{"taxonomy":"post_tag","embeddable":true,"href":"http:\/\/cms.mtsomnii.de\/w7\/wp-json\/wp\/v2\/tags?post=15014"}],"curies":[{"name":"wp","href":"https:\/\/api.w.org\/{rel}","templated":true}]}}