{"id":15018,"date":"2023-05-31T11:25:53","date_gmt":"2023-05-31T09:25:53","guid":{"rendered":"http:\/\/cms.mtsomnii.de\/w7\/merkur-de-gap\/wolf-zwingt-rotwild-zum-verbiss-92313109-html-15018\/"},"modified":"2023-05-31T11:25:53","modified_gmt":"2023-05-31T09:25:53","slug":"wolf-zwingt-rotwild-zum-verbiss-92313109-html","status":"publish","type":"post","link":"http:\/\/cms.mtsomnii.de\/w7\/merkur-de-gap\/wolf-zwingt-rotwild-zum-verbiss-92313109-html-15018\/","title":{"rendered":"Gr\u00fcnen-Politikerin: Wolf vertreibt Rotwild aus F\u00fctterung und zwingt diese zum Verbiss junger B\u00e4ume"},"content":{"rendered":"<div>Das Rotwild hat diesen Winter die F\u00fctterungen weniger als sonst aufgesucht &#8211; wegen des Wolfs. Diese Beobachtung hat dritte Landr\u00e4tin und Gr\u00fcnen-Politikerin Tessy L\u00f6dermann gemacht. Sie fordert, die Rotwild-Gebiete auszuweiten. Bislang steht den Tieren bayernweit nur eine Fl\u00e4che von 14 Prozent zur Verf\u00fcgung.<\/div>\n","protected":false},"excerpt":{"rendered":"<p>Das Rotwild hat diesen Winter die F\u00fctterungen weniger als sonst aufgesucht &#8211; wegen des Wolfs. Diese Beobachtung hat dritte Landr\u00e4tin und Gr\u00fcnen-Politikerin Tessy L\u00f6dermann gemacht. Sie fordert, die Rotwild-Gebiete auszuweiten. Bislang steht den Tieren bayernweit nur eine Fl\u00e4che von 14 Prozent zur Verf\u00fcgung.<\/p>\n","protected":false},"author":5,"featured_media":0,"comment_status":"closed","ping_status":"open","sticky":false,"template":"","format":"standard","meta":[],"categories":[5],"tags":[],"_links":{"self":[{"href":"http:\/\/cms.mtsomnii.de\/w7\/wp-json\/wp\/v2\/posts\/15018"}],"collection":[{"href":"http:\/\/cms.mtsomnii.de\/w7\/wp-json\/wp\/v2\/posts"}],"about":[{"href":"http:\/\/cms.mtsomnii.de\/w7\/wp-json\/wp\/v2\/types\/post"}],"author":[{"embeddable":true,"href":"http:\/\/cms.mtsomnii.de\/w7\/wp-json\/wp\/v2\/users\/5"}],"replies":[{"embeddable":true,"href":"http:\/\/cms.mtsomnii.de\/w7\/wp-json\/wp\/v2\/comments?post=15018"}],"version-history":[{"count":0,"href":"http:\/\/cms.mtsomnii.de\/w7\/wp-json\/wp\/v2\/posts\/15018\/revisions"}],"wp:attachment":[{"href":"http:\/\/cms.mtsomnii.de\/w7\/wp-json\/wp\/v2\/media?parent=15018"}],"wp:term":[{"taxonomy":"category","embeddable":true,"href":"http:\/\/cms.mtsomnii.de\/w7\/wp-json\/wp\/v2\/categories?post=15018"},{"taxonomy":"post_tag","embeddable":true,"href":"http:\/\/cms.mtsomnii.de\/w7\/wp-json\/wp\/v2\/tags?post=15018"}],"curies":[{"name":"wp","href":"https:\/\/api.w.org\/{rel}","templated":true}]}}