{"id":15180,"date":"2023-06-23T10:00:00","date_gmt":"2023-06-23T08:00:00","guid":{"rendered":"http:\/\/cms.mtsomnii.de\/w7\/kreisbote-gap\/partnachklamm-garmisch-partenkirchen-28-29-juni-2023-gesperrt-92352534-html-15180\/"},"modified":"2023-06-23T10:00:00","modified_gmt":"2023-06-23T08:00:00","slug":"partnachklamm-garmisch-partenkirchen-28-29-juni-2023-gesperrt-92352534-html","status":"publish","type":"post","link":"http:\/\/cms.mtsomnii.de\/w7\/kreisbote-gap\/partnachklamm-garmisch-partenkirchen-28-29-juni-2023-gesperrt-92352534-html-15180\/","title":{"rendered":"Flugoperation \u00fcber der Partnachklamm &#8211; Br\u00fcckeneinbau verursacht Sperre vom 28. bis 29. Juni 2023"},"content":{"rendered":"<div>Garmisch-Partenkirchen &#8211; Voraussichtlich wird am Donnerstag, den 29. Juni 2023 gegen 07:00 Uhr die Ersatzbr\u00fccke der \u201eEisernen Br\u00fccke\u201c der Partnachklamm ausgebaut, w\u00e4hrend gleichzeitig die neue und endg\u00fcltige \u201eEiserne Br\u00fccke\u201c eingeflogen wird. Da der Kamov aufgrund eines Flugverbots nicht mehr verf\u00fcgbar ist und aus Sicherheitsgr\u00fcnden der Chinook nicht verwendet werden kann, wird f\u00fcr diesen Zweck der Super-Puma eingesetzt. Der fr\u00fche Beginn der Fl\u00fcge wird durch die schwierige Thermik \u00fcber der Partnachklamm bedingt.<\/div>\n","protected":false},"excerpt":{"rendered":"<p>Garmisch-Partenkirchen &#8211; Voraussichtlich wird am Donnerstag, den 29. Juni 2023 gegen 07:00 Uhr die Ersatzbr\u00fccke der \u201eEisernen Br\u00fccke\u201c der Partnachklamm ausgebaut, w\u00e4hrend gleichzeitig die neue und endg\u00fcltige \u201eEiserne Br\u00fccke\u201c eingeflogen wird. Da der Kamov aufgrund eines Flugverbots nicht mehr verf\u00fcgbar ist und aus Sicherheitsgr\u00fcnden der Chinook nicht verwendet werden kann, wird f\u00fcr diesen Zweck der Super-Puma eingesetzt. Der fr\u00fche Beginn<\/p>\n","protected":false},"author":4,"featured_media":0,"comment_status":"closed","ping_status":"open","sticky":false,"template":"","format":"standard","meta":[],"categories":[2],"tags":[],"_links":{"self":[{"href":"http:\/\/cms.mtsomnii.de\/w7\/wp-json\/wp\/v2\/posts\/15180"}],"collection":[{"href":"http:\/\/cms.mtsomnii.de\/w7\/wp-json\/wp\/v2\/posts"}],"about":[{"href":"http:\/\/cms.mtsomnii.de\/w7\/wp-json\/wp\/v2\/types\/post"}],"author":[{"embeddable":true,"href":"http:\/\/cms.mtsomnii.de\/w7\/wp-json\/wp\/v2\/users\/4"}],"replies":[{"embeddable":true,"href":"http:\/\/cms.mtsomnii.de\/w7\/wp-json\/wp\/v2\/comments?post=15180"}],"version-history":[{"count":0,"href":"http:\/\/cms.mtsomnii.de\/w7\/wp-json\/wp\/v2\/posts\/15180\/revisions"}],"wp:attachment":[{"href":"http:\/\/cms.mtsomnii.de\/w7\/wp-json\/wp\/v2\/media?parent=15180"}],"wp:term":[{"taxonomy":"category","embeddable":true,"href":"http:\/\/cms.mtsomnii.de\/w7\/wp-json\/wp\/v2\/categories?post=15180"},{"taxonomy":"post_tag","embeddable":true,"href":"http:\/\/cms.mtsomnii.de\/w7\/wp-json\/wp\/v2\/tags?post=15180"}],"curies":[{"name":"wp","href":"https:\/\/api.w.org\/{rel}","templated":true}]}}