{"id":15187,"date":"2023-06-24T07:00:00","date_gmt":"2023-06-24T05:00:00","guid":{"rendered":"http:\/\/cms.mtsomnii.de\/w7\/merkur-de-gap\/g7-gipfel-was-davon-blieb-92361304-html-15187\/"},"modified":"2023-06-24T07:00:00","modified_gmt":"2023-06-24T05:00:00","slug":"g7-gipfel-was-davon-blieb-92361304-html","status":"publish","type":"post","link":"http:\/\/cms.mtsomnii.de\/w7\/merkur-de-gap\/g7-gipfel-was-davon-blieb-92361304-html-15187\/","title":{"rendered":"G7-Gipfel in Elmau \u2013 was davon blieb"},"content":{"rendered":"<div>Ein Jahr ist es her, dass der Landkreis Garmisch-Partenkirchen w\u00e4hrend des G7-Gipfels in Elmau ins Scheinwerferlicht der Welt\u00f6ffentlichkeit r\u00fcckte. F\u00fcr die Region bedeutete das Spitzentreffen den Ausnahmezustand \u2013 und eine enorme Belastung. Was bleibt, sind millionenschwere F\u00f6rdermittel \u2013 und der Wunsch, dass sich das Spektakel nicht wiederholt.<\/div>\n","protected":false},"excerpt":{"rendered":"<p>Ein Jahr ist es her, dass der Landkreis Garmisch-Partenkirchen w\u00e4hrend des G7-Gipfels in Elmau ins Scheinwerferlicht der Welt\u00f6ffentlichkeit r\u00fcckte. F\u00fcr die Region bedeutete das Spitzentreffen den Ausnahmezustand \u2013 und eine enorme Belastung. Was bleibt, sind millionenschwere F\u00f6rdermittel \u2013 und der Wunsch, dass sich das Spektakel nicht wiederholt.<\/p>\n","protected":false},"author":5,"featured_media":0,"comment_status":"closed","ping_status":"open","sticky":false,"template":"","format":"standard","meta":[],"categories":[5],"tags":[],"_links":{"self":[{"href":"http:\/\/cms.mtsomnii.de\/w7\/wp-json\/wp\/v2\/posts\/15187"}],"collection":[{"href":"http:\/\/cms.mtsomnii.de\/w7\/wp-json\/wp\/v2\/posts"}],"about":[{"href":"http:\/\/cms.mtsomnii.de\/w7\/wp-json\/wp\/v2\/types\/post"}],"author":[{"embeddable":true,"href":"http:\/\/cms.mtsomnii.de\/w7\/wp-json\/wp\/v2\/users\/5"}],"replies":[{"embeddable":true,"href":"http:\/\/cms.mtsomnii.de\/w7\/wp-json\/wp\/v2\/comments?post=15187"}],"version-history":[{"count":0,"href":"http:\/\/cms.mtsomnii.de\/w7\/wp-json\/wp\/v2\/posts\/15187\/revisions"}],"wp:attachment":[{"href":"http:\/\/cms.mtsomnii.de\/w7\/wp-json\/wp\/v2\/media?parent=15187"}],"wp:term":[{"taxonomy":"category","embeddable":true,"href":"http:\/\/cms.mtsomnii.de\/w7\/wp-json\/wp\/v2\/categories?post=15187"},{"taxonomy":"post_tag","embeddable":true,"href":"http:\/\/cms.mtsomnii.de\/w7\/wp-json\/wp\/v2\/tags?post=15187"}],"curies":[{"name":"wp","href":"https:\/\/api.w.org\/{rel}","templated":true}]}}