{"id":15210,"date":"2023-06-26T09:32:29","date_gmt":"2023-06-26T07:32:29","guid":{"rendered":"http:\/\/cms.mtsomnii.de\/w7\/merkur-de-gap\/verkehrskontrolle-eskaliert-in-verfolgungsfahrt-und-unfall-92364111-html-3-15210\/"},"modified":"2023-06-26T09:32:29","modified_gmt":"2023-06-26T07:32:29","slug":"verkehrskontrolle-eskaliert-in-verfolgungsfahrt-und-unfall-92364111-html-3","status":"publish","type":"post","link":"http:\/\/cms.mtsomnii.de\/w7\/merkur-de-gap\/verkehrskontrolle-eskaliert-in-verfolgungsfahrt-und-unfall-92364111-html-3-15210\/","title":{"rendered":"Polizeieinsatz in Garmisch-Partenkirchen: Verkehrskontrolle eskaliert in Verfolgungsfahrt und Unfall"},"content":{"rendered":"<div>In der Nacht von Samstag auf Sonntag (24.\/25. Juni 2023) sollte durch eine Streifenbesatzung der Grenzpolizeiinspektion Murnau im Bereich der Hauptstra\u00dfe in Garmisch-Partenkirchen ein Pkw mit einem Landsberger Kennzeichen zu einer Verkehrskontrolle angehalten werden. Der Fahrer des Fahrzeugs versuchte daraufhin, sich der Kontrolle zu entziehen. Es kam zu einer Verfolgungsfahrt, welche im F\u00f6hrenweg in Garmisch-Partenkirchen mit einem Zusammensto\u00df mit dem Dienstfahrzeug endete. Die beiden Insassen des Pkw setzten ihre Flucht zu Fu\u00df fort.\u00a0<\/div>\n","protected":false},"excerpt":{"rendered":"<p>In der Nacht von Samstag auf Sonntag (24.\/25. Juni 2023) sollte durch eine Streifenbesatzung der Grenzpolizeiinspektion Murnau im Bereich der Hauptstra\u00dfe in Garmisch-Partenkirchen ein Pkw mit einem Landsberger Kennzeichen zu einer Verkehrskontrolle angehalten werden. Der Fahrer des Fahrzeugs versuchte daraufhin, sich der Kontrolle zu entziehen. Es kam zu einer Verfolgungsfahrt, welche im F\u00f6hrenweg in Garmisch-Partenkirchen mit einem Zusammensto\u00df mit dem<\/p>\n","protected":false},"author":5,"featured_media":0,"comment_status":"closed","ping_status":"open","sticky":false,"template":"","format":"standard","meta":[],"categories":[5],"tags":[],"_links":{"self":[{"href":"http:\/\/cms.mtsomnii.de\/w7\/wp-json\/wp\/v2\/posts\/15210"}],"collection":[{"href":"http:\/\/cms.mtsomnii.de\/w7\/wp-json\/wp\/v2\/posts"}],"about":[{"href":"http:\/\/cms.mtsomnii.de\/w7\/wp-json\/wp\/v2\/types\/post"}],"author":[{"embeddable":true,"href":"http:\/\/cms.mtsomnii.de\/w7\/wp-json\/wp\/v2\/users\/5"}],"replies":[{"embeddable":true,"href":"http:\/\/cms.mtsomnii.de\/w7\/wp-json\/wp\/v2\/comments?post=15210"}],"version-history":[{"count":0,"href":"http:\/\/cms.mtsomnii.de\/w7\/wp-json\/wp\/v2\/posts\/15210\/revisions"}],"wp:attachment":[{"href":"http:\/\/cms.mtsomnii.de\/w7\/wp-json\/wp\/v2\/media?parent=15210"}],"wp:term":[{"taxonomy":"category","embeddable":true,"href":"http:\/\/cms.mtsomnii.de\/w7\/wp-json\/wp\/v2\/categories?post=15210"},{"taxonomy":"post_tag","embeddable":true,"href":"http:\/\/cms.mtsomnii.de\/w7\/wp-json\/wp\/v2\/tags?post=15210"}],"curies":[{"name":"wp","href":"https:\/\/api.w.org\/{rel}","templated":true}]}}