{"id":15223,"date":"2023-06-30T11:45:00","date_gmt":"2023-06-30T09:45:00","guid":{"rendered":"http:\/\/cms.mtsomnii.de\/w7\/merkur-de-gap\/alles-bestens-zur-weissen-nacht-garmischer-zentrum-92373828-html-15223\/"},"modified":"2023-06-30T11:45:00","modified_gmt":"2023-06-30T09:45:00","slug":"alles-bestens-zur-weissen-nacht-garmischer-zentrum-92373828-html","status":"publish","type":"post","link":"http:\/\/cms.mtsomnii.de\/w7\/merkur-de-gap\/alles-bestens-zur-weissen-nacht-garmischer-zentrum-92373828-html-15223\/","title":{"rendered":"\u00c4rger verraucht, die Veranstaltung steht: Alles bestens zur Wei\u00dfen Nacht am 1. Juli"},"content":{"rendered":"<div>Es hat rumort im Vorfeld nach dem Aus von Marco Wanke bei der Wei\u00dfen Nacht im Garmischer Zentrum. Das soll jetzt keine Rolle spielen. Denn jetzt steht die Veranstaltung selbst im Mittelpunkt. Das Programm f\u00fcr den Samstag, 1. Juli, mit vier B\u00fchnen, sechsmal Livemusik, Seifenblasenshow und f\u00fcnf DJs steht.<\/div>\n","protected":false},"excerpt":{"rendered":"<p>Es hat rumort im Vorfeld nach dem Aus von Marco Wanke bei der Wei\u00dfen Nacht im Garmischer Zentrum. Das soll jetzt keine Rolle spielen. Denn jetzt steht die Veranstaltung selbst im Mittelpunkt. Das Programm f\u00fcr den Samstag, 1. Juli, mit vier B\u00fchnen, sechsmal Livemusik, Seifenblasenshow und f\u00fcnf DJs steht.<\/p>\n","protected":false},"author":5,"featured_media":0,"comment_status":"closed","ping_status":"open","sticky":false,"template":"","format":"standard","meta":[],"categories":[5],"tags":[],"_links":{"self":[{"href":"http:\/\/cms.mtsomnii.de\/w7\/wp-json\/wp\/v2\/posts\/15223"}],"collection":[{"href":"http:\/\/cms.mtsomnii.de\/w7\/wp-json\/wp\/v2\/posts"}],"about":[{"href":"http:\/\/cms.mtsomnii.de\/w7\/wp-json\/wp\/v2\/types\/post"}],"author":[{"embeddable":true,"href":"http:\/\/cms.mtsomnii.de\/w7\/wp-json\/wp\/v2\/users\/5"}],"replies":[{"embeddable":true,"href":"http:\/\/cms.mtsomnii.de\/w7\/wp-json\/wp\/v2\/comments?post=15223"}],"version-history":[{"count":0,"href":"http:\/\/cms.mtsomnii.de\/w7\/wp-json\/wp\/v2\/posts\/15223\/revisions"}],"wp:attachment":[{"href":"http:\/\/cms.mtsomnii.de\/w7\/wp-json\/wp\/v2\/media?parent=15223"}],"wp:term":[{"taxonomy":"category","embeddable":true,"href":"http:\/\/cms.mtsomnii.de\/w7\/wp-json\/wp\/v2\/categories?post=15223"},{"taxonomy":"post_tag","embeddable":true,"href":"http:\/\/cms.mtsomnii.de\/w7\/wp-json\/wp\/v2\/tags?post=15223"}],"curies":[{"name":"wp","href":"https:\/\/api.w.org\/{rel}","templated":true}]}}