{"id":15224,"date":"2023-06-30T12:06:00","date_gmt":"2023-06-30T10:06:00","guid":{"rendered":"http:\/\/cms.mtsomnii.de\/w7\/merkur-de-gap\/buergerentscheid-heisse-phase-eingelaeutet-92373715-html-15224\/"},"modified":"2023-06-30T12:06:00","modified_gmt":"2023-06-30T10:06:00","slug":"buergerentscheid-heisse-phase-eingelaeutet-92373715-html","status":"publish","type":"post","link":"http:\/\/cms.mtsomnii.de\/w7\/merkur-de-gap\/buergerentscheid-heisse-phase-eingelaeutet-92373715-html-15224\/","title":{"rendered":"B\u00fcrgerentscheid in Murnau: \u201eHei\u00dfe Phase\u201c eingel\u00e4utet &#8211; Aktionsb\u00fcndnis will kr\u00e4ftig die Werbetrommel r\u00fchren"},"content":{"rendered":"<div>Der zweite B\u00fcrgerentscheid in der Murnauer Geschichte r\u00fcckt n\u00e4her. Am 23. Juli sind die Wahlberechtigten zu den Urnen gerufen. Das Aktionsb\u00fcndnis \u201eRettet den Rufbus!\u201c will auf s\u00e4mtlichen Kan\u00e4len f\u00fcr seine Sache werben. Bei einer Pressekonferenz pr\u00e4sentierte es gestern noch einmal seine Sicht der Dinge.<\/div>\n","protected":false},"excerpt":{"rendered":"<p>Der zweite B\u00fcrgerentscheid in der Murnauer Geschichte r\u00fcckt n\u00e4her. Am 23. Juli sind die Wahlberechtigten zu den Urnen gerufen. Das Aktionsb\u00fcndnis \u201eRettet den Rufbus!\u201c will auf s\u00e4mtlichen Kan\u00e4len f\u00fcr seine Sache werben. Bei einer Pressekonferenz pr\u00e4sentierte es gestern noch einmal seine Sicht der Dinge.<\/p>\n","protected":false},"author":5,"featured_media":0,"comment_status":"closed","ping_status":"open","sticky":false,"template":"","format":"standard","meta":[],"categories":[5],"tags":[],"_links":{"self":[{"href":"http:\/\/cms.mtsomnii.de\/w7\/wp-json\/wp\/v2\/posts\/15224"}],"collection":[{"href":"http:\/\/cms.mtsomnii.de\/w7\/wp-json\/wp\/v2\/posts"}],"about":[{"href":"http:\/\/cms.mtsomnii.de\/w7\/wp-json\/wp\/v2\/types\/post"}],"author":[{"embeddable":true,"href":"http:\/\/cms.mtsomnii.de\/w7\/wp-json\/wp\/v2\/users\/5"}],"replies":[{"embeddable":true,"href":"http:\/\/cms.mtsomnii.de\/w7\/wp-json\/wp\/v2\/comments?post=15224"}],"version-history":[{"count":0,"href":"http:\/\/cms.mtsomnii.de\/w7\/wp-json\/wp\/v2\/posts\/15224\/revisions"}],"wp:attachment":[{"href":"http:\/\/cms.mtsomnii.de\/w7\/wp-json\/wp\/v2\/media?parent=15224"}],"wp:term":[{"taxonomy":"category","embeddable":true,"href":"http:\/\/cms.mtsomnii.de\/w7\/wp-json\/wp\/v2\/categories?post=15224"},{"taxonomy":"post_tag","embeddable":true,"href":"http:\/\/cms.mtsomnii.de\/w7\/wp-json\/wp\/v2\/tags?post=15224"}],"curies":[{"name":"wp","href":"https:\/\/api.w.org\/{rel}","templated":true}]}}