{"id":15386,"date":"2023-07-27T07:30:00","date_gmt":"2023-07-27T05:30:00","guid":{"rendered":"http:\/\/cms.mtsomnii.de\/w7\/merkur-de-gap\/baustart-im-herbst-kein-hirngespinst-92424903-html-15386\/"},"modified":"2023-07-27T07:30:00","modified_gmt":"2023-07-27T05:30:00","slug":"baustart-im-herbst-kein-hirngespinst-92424903-html","status":"publish","type":"post","link":"http:\/\/cms.mtsomnii.de\/w7\/merkur-de-gap\/baustart-im-herbst-kein-hirngespinst-92424903-html-15386\/","title":{"rendered":"Gemeinde gibt gr\u00fcnes Licht f\u00fcr Therapiezentrum am Soier See &#8211; Baubeginn bereits f\u00fcr Herbst 2023 anvisiert"},"content":{"rendered":"<div>Mut zu ein bisschen Moderne im Ort \u2013 das beweisen die Bad Bayersoier. Der Gemeinderat hat die neuen Pl\u00e4ne f\u00fcr das Gesundheits- und Therapiezentrum an der Kirmesauer Stra\u00dfe bef\u00fcrwortet und den Neubau abgesegnet. Nur am Zeitplan haften noch Zweifel.<\/div>\n","protected":false},"excerpt":{"rendered":"<p>Mut zu ein bisschen Moderne im Ort \u2013 das beweisen die Bad Bayersoier. Der Gemeinderat hat die neuen Pl\u00e4ne f\u00fcr das Gesundheits- und Therapiezentrum an der Kirmesauer Stra\u00dfe bef\u00fcrwortet und den Neubau abgesegnet. Nur am Zeitplan haften noch Zweifel.<\/p>\n","protected":false},"author":5,"featured_media":0,"comment_status":"closed","ping_status":"open","sticky":false,"template":"","format":"standard","meta":[],"categories":[5],"tags":[],"_links":{"self":[{"href":"http:\/\/cms.mtsomnii.de\/w7\/wp-json\/wp\/v2\/posts\/15386"}],"collection":[{"href":"http:\/\/cms.mtsomnii.de\/w7\/wp-json\/wp\/v2\/posts"}],"about":[{"href":"http:\/\/cms.mtsomnii.de\/w7\/wp-json\/wp\/v2\/types\/post"}],"author":[{"embeddable":true,"href":"http:\/\/cms.mtsomnii.de\/w7\/wp-json\/wp\/v2\/users\/5"}],"replies":[{"embeddable":true,"href":"http:\/\/cms.mtsomnii.de\/w7\/wp-json\/wp\/v2\/comments?post=15386"}],"version-history":[{"count":0,"href":"http:\/\/cms.mtsomnii.de\/w7\/wp-json\/wp\/v2\/posts\/15386\/revisions"}],"wp:attachment":[{"href":"http:\/\/cms.mtsomnii.de\/w7\/wp-json\/wp\/v2\/media?parent=15386"}],"wp:term":[{"taxonomy":"category","embeddable":true,"href":"http:\/\/cms.mtsomnii.de\/w7\/wp-json\/wp\/v2\/categories?post=15386"},{"taxonomy":"post_tag","embeddable":true,"href":"http:\/\/cms.mtsomnii.de\/w7\/wp-json\/wp\/v2\/tags?post=15386"}],"curies":[{"name":"wp","href":"https:\/\/api.w.org\/{rel}","templated":true}]}}