{"id":1539,"date":"2020-05-31T19:35:21","date_gmt":"2020-05-31T19:35:21","guid":{"rendered":"https:\/\/w7vongap.de\/merkur-de-gap\/kindertagesstaette-in-bad-kohlgrub-platzproblem-geloest-kinder-bleiben-im-haus-13780150-html-2-1539\/"},"modified":"2020-05-31T19:35:21","modified_gmt":"2020-05-31T19:35:21","slug":"kindertagesstaette-in-bad-kohlgrub-platzproblem-geloest-kinder-bleiben-im-haus-13780150-html-2","status":"publish","type":"post","link":"http:\/\/cms.mtsomnii.de\/w7\/merkur-de-gap\/kindertagesstaette-in-bad-kohlgrub-platzproblem-geloest-kinder-bleiben-im-haus-13780150-html-2-1539\/","title":{"rendered":"Kindertagesst\u00e4tte: Platzproblem gel\u00f6st, alle Kinder bleiben im Geb\u00e4ude"},"content":{"rendered":"<div>Einige Varianten wurden gepr&uuml;ft. Jetzt steht fest: Alle Kinder finden im neuen Kindergartenjahr Platz in der Kita St. Martin. Ein kleinerer Umbau ist daf&uuml;r n&ouml;tig. Die umstrittene Variante Turnhalle ist vom Tisch.&nbsp;<\/div>\n","protected":false},"excerpt":{"rendered":"<p>Einige Varianten wurden gepr&uuml;ft. Jetzt steht fest: Alle Kinder finden im neuen Kindergartenjahr Platz in der Kita St. Martin. Ein kleinerer Umbau ist daf&uuml;r n&ouml;tig. Die umstrittene Variante Turnhalle ist vom Tisch.&nbsp;<\/p>\n","protected":false},"author":5,"featured_media":228,"comment_status":"closed","ping_status":"open","sticky":false,"template":"","format":"standard","meta":[],"categories":[5],"tags":[],"_links":{"self":[{"href":"http:\/\/cms.mtsomnii.de\/w7\/wp-json\/wp\/v2\/posts\/1539"}],"collection":[{"href":"http:\/\/cms.mtsomnii.de\/w7\/wp-json\/wp\/v2\/posts"}],"about":[{"href":"http:\/\/cms.mtsomnii.de\/w7\/wp-json\/wp\/v2\/types\/post"}],"author":[{"embeddable":true,"href":"http:\/\/cms.mtsomnii.de\/w7\/wp-json\/wp\/v2\/users\/5"}],"replies":[{"embeddable":true,"href":"http:\/\/cms.mtsomnii.de\/w7\/wp-json\/wp\/v2\/comments?post=1539"}],"version-history":[{"count":0,"href":"http:\/\/cms.mtsomnii.de\/w7\/wp-json\/wp\/v2\/posts\/1539\/revisions"}],"wp:featuredmedia":[{"embeddable":true,"href":"http:\/\/cms.mtsomnii.de\/w7\/wp-json\/wp\/v2\/media\/228"}],"wp:attachment":[{"href":"http:\/\/cms.mtsomnii.de\/w7\/wp-json\/wp\/v2\/media?parent=1539"}],"wp:term":[{"taxonomy":"category","embeddable":true,"href":"http:\/\/cms.mtsomnii.de\/w7\/wp-json\/wp\/v2\/categories?post=1539"},{"taxonomy":"post_tag","embeddable":true,"href":"http:\/\/cms.mtsomnii.de\/w7\/wp-json\/wp\/v2\/tags?post=1539"}],"curies":[{"name":"wp","href":"https:\/\/api.w.org\/{rel}","templated":true}]}}