{"id":15404,"date":"2023-07-27T17:44:00","date_gmt":"2023-07-27T15:44:00","guid":{"rendered":"http:\/\/cms.mtsomnii.de\/w7\/merkur-de-gap\/arbeitsgruppe-hat-fleissig-getueftelt-92426825-html-2-15404\/"},"modified":"2023-07-27T17:44:00","modified_gmt":"2023-07-27T15:44:00","slug":"arbeitsgruppe-hat-fleissig-getueftelt-92426825-html-2","status":"publish","type":"post","link":"http:\/\/cms.mtsomnii.de\/w7\/merkur-de-gap\/arbeitsgruppe-hat-fleissig-getueftelt-92426825-html-2-15404\/","title":{"rendered":"Was passiert mit dem Wallgauer Dorfplatz? Arbeitsgruppe pr\u00e4sentiert ihre Vorstellungen"},"content":{"rendered":"<div>Die Teilnehmergemeinschaft hat bereits sehr konkrete Vorstellungen, was mit dem Wallgauer Dorfplatz passieren soll. Bei einer Versammlung pr\u00e4sentierte sie nun ihre Ausarbeitungen \u2013 und sorgte sogar beim Amt f\u00fcr l\u00e4ndliche Entwicklung f\u00fcr Staunen.<\/div>\n","protected":false},"excerpt":{"rendered":"<p>Die Teilnehmergemeinschaft hat bereits sehr konkrete Vorstellungen, was mit dem Wallgauer Dorfplatz passieren soll. Bei einer Versammlung pr\u00e4sentierte sie nun ihre Ausarbeitungen \u2013 und sorgte sogar beim Amt f\u00fcr l\u00e4ndliche Entwicklung f\u00fcr Staunen.<\/p>\n","protected":false},"author":5,"featured_media":0,"comment_status":"closed","ping_status":"open","sticky":false,"template":"","format":"standard","meta":[],"categories":[5],"tags":[],"_links":{"self":[{"href":"http:\/\/cms.mtsomnii.de\/w7\/wp-json\/wp\/v2\/posts\/15404"}],"collection":[{"href":"http:\/\/cms.mtsomnii.de\/w7\/wp-json\/wp\/v2\/posts"}],"about":[{"href":"http:\/\/cms.mtsomnii.de\/w7\/wp-json\/wp\/v2\/types\/post"}],"author":[{"embeddable":true,"href":"http:\/\/cms.mtsomnii.de\/w7\/wp-json\/wp\/v2\/users\/5"}],"replies":[{"embeddable":true,"href":"http:\/\/cms.mtsomnii.de\/w7\/wp-json\/wp\/v2\/comments?post=15404"}],"version-history":[{"count":0,"href":"http:\/\/cms.mtsomnii.de\/w7\/wp-json\/wp\/v2\/posts\/15404\/revisions"}],"wp:attachment":[{"href":"http:\/\/cms.mtsomnii.de\/w7\/wp-json\/wp\/v2\/media?parent=15404"}],"wp:term":[{"taxonomy":"category","embeddable":true,"href":"http:\/\/cms.mtsomnii.de\/w7\/wp-json\/wp\/v2\/categories?post=15404"},{"taxonomy":"post_tag","embeddable":true,"href":"http:\/\/cms.mtsomnii.de\/w7\/wp-json\/wp\/v2\/tags?post=15404"}],"curies":[{"name":"wp","href":"https:\/\/api.w.org\/{rel}","templated":true}]}}