{"id":15405,"date":"2023-07-27T19:00:00","date_gmt":"2023-07-27T17:00:00","guid":{"rendered":"http:\/\/cms.mtsomnii.de\/w7\/merkur-de-gap\/garmisch-partenkirchner-kreistag-lehnt-afd-kandidaten-ab-92427356-html-2-15405\/"},"modified":"2023-07-27T19:00:00","modified_gmt":"2023-07-27T17:00:00","slug":"garmisch-partenkirchner-kreistag-lehnt-afd-kandidaten-ab-92427356-html-2","status":"publish","type":"post","link":"http:\/\/cms.mtsomnii.de\/w7\/merkur-de-gap\/garmisch-partenkirchner-kreistag-lehnt-afd-kandidaten-ab-92427356-html-2-15405\/","title":{"rendered":"Aktion mit Symbolkraft: Garmisch-Partenkirchner Kreistag lehnt AfD-Nachr\u00fccker ab &#8211; Beschluss wird nun gepr\u00fcft"},"content":{"rendered":"<div>39:5-Beschluss: Das h\u00f6chste Gremium im Landkreis Garmisch-Partenkirchen verweigert Albert Mutschlechner die Aufnahme. Als Grund f\u00fchren die Fraktionen die rechten Gesinnungen auf, die der Ohlst\u00e4dter auf seine Facebook-Seite munter verbreitet.<\/div>\n","protected":false},"excerpt":{"rendered":"<p>39:5-Beschluss: Das h\u00f6chste Gremium im Landkreis Garmisch-Partenkirchen verweigert Albert Mutschlechner die Aufnahme. Als Grund f\u00fchren die Fraktionen die rechten Gesinnungen auf, die der Ohlst\u00e4dter auf seine Facebook-Seite munter verbreitet.<\/p>\n","protected":false},"author":5,"featured_media":0,"comment_status":"closed","ping_status":"open","sticky":false,"template":"","format":"standard","meta":[],"categories":[5],"tags":[],"_links":{"self":[{"href":"http:\/\/cms.mtsomnii.de\/w7\/wp-json\/wp\/v2\/posts\/15405"}],"collection":[{"href":"http:\/\/cms.mtsomnii.de\/w7\/wp-json\/wp\/v2\/posts"}],"about":[{"href":"http:\/\/cms.mtsomnii.de\/w7\/wp-json\/wp\/v2\/types\/post"}],"author":[{"embeddable":true,"href":"http:\/\/cms.mtsomnii.de\/w7\/wp-json\/wp\/v2\/users\/5"}],"replies":[{"embeddable":true,"href":"http:\/\/cms.mtsomnii.de\/w7\/wp-json\/wp\/v2\/comments?post=15405"}],"version-history":[{"count":0,"href":"http:\/\/cms.mtsomnii.de\/w7\/wp-json\/wp\/v2\/posts\/15405\/revisions"}],"wp:attachment":[{"href":"http:\/\/cms.mtsomnii.de\/w7\/wp-json\/wp\/v2\/media?parent=15405"}],"wp:term":[{"taxonomy":"category","embeddable":true,"href":"http:\/\/cms.mtsomnii.de\/w7\/wp-json\/wp\/v2\/categories?post=15405"},{"taxonomy":"post_tag","embeddable":true,"href":"http:\/\/cms.mtsomnii.de\/w7\/wp-json\/wp\/v2\/tags?post=15405"}],"curies":[{"name":"wp","href":"https:\/\/api.w.org\/{rel}","templated":true}]}}